{"id":1188,"date":"2022-04-13T21:42:32","date_gmt":"2022-04-13T21:42:32","guid":{"rendered":"https:\/\/poiopescamarfs.es\/?p=1188"},"modified":"2022-04-13T21:58:12","modified_gmt":"2022-04-13T21:58:12","slug":"previa-xornada-23","status":"publish","type":"post","link":"https:\/\/poiopescamarfs.es\/gl\/previa-xornada-23\/","title":{"rendered":"Previa Xornada 23"},"content":{"rendered":"<p>[et_pb_section fb_built=&#8221;1&#8243; _builder_version=&#8221;3.22&#8243;][et_pb_row _builder_version=&#8221;3.25&#8243; background_size=&#8221;initial&#8221; background_position=&#8221;top_left&#8221; background_repeat=&#8221;repeat&#8221;][et_pb_column type=&#8221;4_4&#8243; _builder_version=&#8221;3.25&#8243; custom_padding=&#8221;|||&#8221; custom_padding__hover=&#8221;|||&#8221;][et_pb_text _builder_version=&#8221;3.27.4&#8243; background_size=&#8221;initial&#8221; background_position=&#8221;top_left&#8221; background_repeat=&#8221;repeat&#8221;]Chegou a Semana Santa e por iso adiantouse o partido desta fin de semana \u00f3 venres \u00e1s 13 horas. Visitamos \u00f3 l\u00edder, un Futsi Atl\u00e9tico Navalcarnero que xusto v\u00e9n de perder o seu primeiro partido en liga, en casa do Melilla, un dos clubes chamados a estar arriba na t\u00e1boa e o pr\u00f3ximo en visitar A Seca. Poderase ver en directo por Live Vuvuzela e a RFEF (poremos en redes sociais o enlace antes do encontro).<\/p>\n<p>Partir\u00e1 a procesi\u00f3n vermella en avi\u00f3n o propio venres santo, tanto para ir coma para volver. Viaxe expr\u00e9s na que estar\u00e1n convocadas todas as xogadoras da primeira plantilla para defender a rec\u00e9n adquirida terceira praza logo de ga\u00f1ar \u00f3 Legan\u00e9s, sumando a segunda vitoria seguida en liga (tres se contamos co triunfo en Copa Galicia ante o Cidade de As Burgas).<\/p>\n<p>Pola s\u00faa parte, o Futsi caeu por 5 &#8211; 3 no pavill\u00f3n Javier Imbroda melillense o pasado s\u00e1bado. Ata ese momento, s\u00f3 cedera puntos empatando en casa ante o Burela e, m\u00e1is sorprendentemente, na visita \u00f3 Atl\u00e9tico Torcal. O equipo madrile\u00f1o destaca pola s\u00faa eficacia goleadora, con 115 tantos a favor e d\u00faas xogadoras coma pichichis da categor\u00eda (xunto a Benete, do M\u00f3stoles). Iso si, recibiron 45 goles, tres m\u00e1is que n\u00f3s, o que demostra o noso bo facer no repregamento.<\/p>\n<p>Na primeira volta venc\u00e9ronnos por 2 &#8211; 6, alargando a sete os partidos consecutivos que nos levan ga\u00f1ando. Haber\u00eda que remontarse a febreiro de 2018 para atopar unha <a href=\"https:\/\/www.diariodepontevedra.es\/articulo\/deporte-local-pontevedra\/2-3-poio-deja-atras-crisis-victoria-lider\/20180203233227964231.html\">vitoria conserveira en La Estaci\u00f3n<\/a>, nun dos dous triunfos logrados ante as de Navalcarnero nos 17 enfrontamentos en Primeira Divisi\u00f3n que acumulamos.<\/p>\n<p>A\u00ednda que ser\u00e1 un duelo dificil\u00edsimo, estamos nun gran momento de forma para afrontalo e po\u00f1er en apuros \u00f3 conxunto branquivermello.<br \/>\n[\/et_pb_text][et_pb_video_slider _builder_version=&#8221;4.9.7&#8243; _module_preset=&#8221;default&#8221; hover_enabled=&#8221;0&#8243; sticky_enabled=&#8221;0&#8243;][et_pb_video_slider_item _builder_version=&#8221;4.9.7&#8243; _module_preset=&#8221;default&#8221; show_image_overlay=&#8221;off&#8221; src=&#8221;https:\/\/www.youtube.com\/watch?v=VEIP4HcNLk4&#8243; hover_enabled=&#8221;0&#8243; sticky_enabled=&#8221;0&#8243;][\/et_pb_video_slider_item][\/et_pb_video_slider][\/et_pb_column][\/et_pb_row][\/et_pb_section]<\/p>\n","protected":false},"excerpt":{"rendered":"<p>[et_pb_section fb_built=&#8221;1&#8243; _builder_version=&#8221;3.22&#8243;][et_pb_row _builder_version=&#8221;3.25&#8243; background_size=&#8221;initial&#8221; background_position=&#8221;top_left&#8221; background_repeat=&#8221;repeat&#8221;][et_pb_column type=&#8221;4_4&#8243; _builder_version=&#8221;3.25&#8243; custom_padding=&#8221;|||&#8221; custom_padding__hover=&#8221;|||&#8221;][et_pb_text _builder_version=&#8221;3.27.4&#8243; background_size=&#8221;initial&#8221; background_position=&#8221;top_left&#8221; background_repeat=&#8221;repeat&#8221;]Chegou a Semana Santa e por iso adiantouse o partido desta fin de semana \u00f3 venres \u00e1s 13 horas. Visitamos \u00f3 l\u00edder, un Futsi Atl\u00e9tico Navalcarnero que xusto v\u00e9n de perder o seu primeiro partido en liga, en casa do Melilla, [&hellip;]<\/p>\n","protected":false},"author":3,"featured_media":1190,"comment_status":"open","ping_status":"closed","sticky":false,"template":"","format":"standard","meta":{"_et_pb_use_builder":"on","_et_pb_old_content":"<p>Chegou a Semana Santa e por iso adiantouse o partido desta fin de semana \u00f3 venres \u00e1s 13 horas. Visitamos \u00f3 l\u00edder, un Futsi Atl\u00e9tico Navalcarnero que xusto v\u00e9n de perder o seu primeiro partido en liga, en casa do Melilla, un dos clubes chamados a estar arriba na t\u00e1boa e o pr\u00f3ximo en visitar A Seca. Poderase ver en directo por Live Vuvuzela e a RFEF (poremos en redes sociais o enlace antes do encontro).<\/p><p>Partir\u00e1 a procesi\u00f3n vermella en avi\u00f3n o propio venres santo, tanto para ir coma para volver. Viaxe expr\u00e9s na que estar\u00e1n convocadas todas as xogadoras da primeira plantilla para defender a rec\u00e9n adquirida terceira praza logo de ga\u00f1ar \u00f3 Legan\u00e9s, sumando a segunda vitoria seguida en liga (tres se contamos co triunfo en Copa Galicia ante o Cidade de As Burgas).<\/p><p>Pola s\u00faa parte, o Futsi caeu por 5 - 3 no pavill\u00f3n Javier Imbroda melillense o pasado s\u00e1bado. Ata ese momento, s\u00f3 cedera puntos empatando en casa ante o Burela e, m\u00e1is sorprendentemente, na visita \u00f3 Atl\u00e9tico Torcal. O equipo madrile\u00f1o destaca pola s\u00faa eficacia goleadora, con 115 tantos a favor e d\u00faas xogadoras coma pichichis da categor\u00eda (xunto a Benete, do M\u00f3stoles). Iso si, recibiron 45 goles, tres m\u00e1is que n\u00f3s, o que demostra o noso bo facer no repregamento.<\/p><p>Na primeira volta venc\u00e9ronnos por 2 - 6, alargando a sete os partidos consecutivos que nos levan ga\u00f1ando. Haber\u00eda que remontarse a febreiro de 2018 para atopar unha <a href=\"https:\/\/www.diariodepontevedra.es\/articulo\/deporte-local-pontevedra\/2-3-poio-deja-atras-crisis-victoria-lider\/20180203233227964231.html\">vitoria conserveira en La Estaci\u00f3n<\/a>, nun dos dous triunfos logrados ante as de Navalcarnero nos 17 enfrontamentos en Primeira Divisi\u00f3n que acumulamos.<\/p><p>A\u00ednda que ser\u00e1 un duelo dificil\u00edsimo, estamos nun gran momento de forma para afrontalo e po\u00f1er en apuros \u00f3 conxunto branquivermello.<\/p>","_et_gb_content_width":""},"categories":[52,29],"tags":[74,60],"yoast_head":"<!-- This site is optimized with the Yoast SEO plugin v16.1.1 - https:\/\/yoast.com\/wordpress\/plugins\/seo\/ -->\n<title>Previa Xornada 23 - Poio Pescamar FS<\/title>\n<meta name=\"description\" content=\"Chega a Semana Santa e adiantamos o partido de liga \u00f3 venres, visitando \u00f3 l\u00edder Futsi Atl\u00e9tico Navalcarnero.\" \/>\n<link rel=\"canonical\" href=\"https:\/\/poiopescamarfs.es\/gl\/previa-xornada-23\/\" \/>\n<meta property=\"og:locale\" content=\"gl_ES\" \/>\n<meta property=\"og:type\" content=\"article\" \/>\n<meta property=\"og:title\" content=\"Previa Xornada 23 - Poio Pescamar FS\" \/>\n<meta property=\"og:description\" content=\"Chega a Semana Santa e adiantamos o partido de liga \u00f3 venres, visitando \u00f3 l\u00edder Futsi Atl\u00e9tico Navalcarnero.\" \/>\n<meta property=\"og:url\" content=\"https:\/\/poiopescamarfs.es\/gl\/previa-xornada-23\/\" \/>\n<meta property=\"og:site_name\" content=\"Poio Pescamar FS\" \/>\n<meta property=\"article:published_time\" content=\"2022-04-13T21:42:32+00:00\" \/>\n<meta property=\"article:modified_time\" content=\"2022-04-13T21:58:12+00:00\" \/>\n<meta property=\"og:image\" content=\"https:\/\/poiopescamarfs.es\/wp-content\/uploads\/2022\/04\/Xornada-23.jpg\" \/>\n\t<meta property=\"og:image:width\" content=\"1200\" \/>\n\t<meta property=\"og:image:height\" content=\"1200\" \/>\n<meta name=\"twitter:card\" content=\"summary_large_image\" \/>\n<meta name=\"twitter:label1\" content=\"Tempo de lectura\">\n\t<meta name=\"twitter:data1\" content=\"2 minutos\">\n<script type=\"application\/ld+json\" class=\"yoast-schema-graph\">{\"@context\":\"https:\/\/schema.org\",\"@graph\":[{\"@type\":\"WebSite\",\"@id\":\"https:\/\/poiopescamarfs.es\/#website\",\"url\":\"https:\/\/poiopescamarfs.es\/\",\"name\":\"Poio Pescamar FS\",\"description\":\"\",\"potentialAction\":[{\"@type\":\"SearchAction\",\"target\":\"https:\/\/poiopescamarfs.es\/?s={search_term_string}\",\"query-input\":\"required name=search_term_string\"}],\"inLanguage\":\"gl-ES\"},{\"@type\":\"ImageObject\",\"@id\":\"https:\/\/poiopescamarfs.es\/gl\/previa-xornada-23\/#primaryimage\",\"inLanguage\":\"gl-ES\",\"url\":\"https:\/\/poiopescamarfs.es\/wp-content\/uploads\/2022\/04\/Xornada-23.jpg\",\"contentUrl\":\"https:\/\/poiopescamarfs.es\/wp-content\/uploads\/2022\/04\/Xornada-23.jpg\",\"width\":1200,\"height\":1200},{\"@type\":\"WebPage\",\"@id\":\"https:\/\/poiopescamarfs.es\/gl\/previa-xornada-23\/#webpage\",\"url\":\"https:\/\/poiopescamarfs.es\/gl\/previa-xornada-23\/\",\"name\":\"Previa Xornada 23 - Poio Pescamar FS\",\"isPartOf\":{\"@id\":\"https:\/\/poiopescamarfs.es\/#website\"},\"primaryImageOfPage\":{\"@id\":\"https:\/\/poiopescamarfs.es\/gl\/previa-xornada-23\/#primaryimage\"},\"datePublished\":\"2022-04-13T21:42:32+00:00\",\"dateModified\":\"2022-04-13T21:58:12+00:00\",\"author\":{\"@id\":\"https:\/\/poiopescamarfs.es\/#\/schema\/person\/bdec44600d63872753c3ba11ede1d589\"},\"description\":\"Chega a Semana Santa e adiantamos o partido de liga \\u00f3 venres, visitando \\u00f3 l\\u00edder Futsi Atl\\u00e9tico Navalcarnero.\",\"breadcrumb\":{\"@id\":\"https:\/\/poiopescamarfs.es\/gl\/previa-xornada-23\/#breadcrumb\"},\"inLanguage\":\"gl-ES\",\"potentialAction\":[{\"@type\":\"ReadAction\",\"target\":[\"https:\/\/poiopescamarfs.es\/gl\/previa-xornada-23\/\"]}]},{\"@type\":\"BreadcrumbList\",\"@id\":\"https:\/\/poiopescamarfs.es\/gl\/previa-xornada-23\/#breadcrumb\",\"itemListElement\":[{\"@type\":\"ListItem\",\"position\":1,\"item\":{\"@type\":\"WebPage\",\"@id\":\"https:\/\/poiopescamarfs.es\/gl\/\",\"url\":\"https:\/\/poiopescamarfs.es\/gl\/\",\"name\":\"Home\"}},{\"@type\":\"ListItem\",\"position\":2,\"item\":{\"@type\":\"WebPage\",\"@id\":\"https:\/\/poiopescamarfs.es\/gl\/previa-xornada-23\/\",\"url\":\"https:\/\/poiopescamarfs.es\/gl\/previa-xornada-23\/\",\"name\":\"Previa Xornada 23\"}}]},{\"@type\":\"Person\",\"@id\":\"https:\/\/poiopescamarfs.es\/#\/schema\/person\/bdec44600d63872753c3ba11ede1d589\",\"name\":\"poiopescamarfs@gmail.com\",\"image\":{\"@type\":\"ImageObject\",\"@id\":\"https:\/\/poiopescamarfs.es\/#personlogo\",\"inLanguage\":\"gl-ES\",\"url\":\"https:\/\/secure.gravatar.com\/avatar\/b2498e234218a28ef967fdbe4a21ae1f?s=96&d=mm&r=g\",\"contentUrl\":\"https:\/\/secure.gravatar.com\/avatar\/b2498e234218a28ef967fdbe4a21ae1f?s=96&d=mm&r=g\",\"caption\":\"poiopescamarfs@gmail.com\"}}]}<\/script>\n<!-- \/ Yoast SEO plugin. -->","_links":{"self":[{"href":"https:\/\/poiopescamarfs.es\/gl\/wp-json\/wp\/v2\/posts\/1188"}],"collection":[{"href":"https:\/\/poiopescamarfs.es\/gl\/wp-json\/wp\/v2\/posts"}],"about":[{"href":"https:\/\/poiopescamarfs.es\/gl\/wp-json\/wp\/v2\/types\/post"}],"author":[{"embeddable":true,"href":"https:\/\/poiopescamarfs.es\/gl\/wp-json\/wp\/v2\/users\/3"}],"replies":[{"embeddable":true,"href":"https:\/\/poiopescamarfs.es\/gl\/wp-json\/wp\/v2\/comments?post=1188"}],"version-history":[{"count":3,"href":"https:\/\/poiopescamarfs.es\/gl\/wp-json\/wp\/v2\/posts\/1188\/revisions"}],"predecessor-version":[{"id":1200,"href":"https:\/\/poiopescamarfs.es\/gl\/wp-json\/wp\/v2\/posts\/1188\/revisions\/1200"}],"wp:featuredmedia":[{"embeddable":true,"href":"https:\/\/poiopescamarfs.es\/gl\/wp-json\/wp\/v2\/media\/1190"}],"wp:attachment":[{"href":"https:\/\/poiopescamarfs.es\/gl\/wp-json\/wp\/v2\/media?parent=1188"}],"wp:term":[{"taxonomy":"category","embeddable":true,"href":"https:\/\/poiopescamarfs.es\/gl\/wp-json\/wp\/v2\/categories?post=1188"},{"taxonomy":"post_tag","embeddable":true,"href":"https:\/\/poiopescamarfs.es\/gl\/wp-json\/wp\/v2\/tags?post=1188"}],"curies":[{"name":"wp","href":"https:\/\/api.w.org\/{rel}","templated":true}]}}