{"id":2266,"date":"2023-02-06T20:29:51","date_gmt":"2023-02-06T19:29:51","guid":{"rendered":"https:\/\/poiopescamarfs.es\/?p=2266"},"modified":"2023-02-06T20:42:23","modified_gmt":"2023-02-06T19:42:23","slug":"sandra-buzon-seleccion-espanola","status":"publish","type":"post","link":"https:\/\/poiopescamarfs.es\/gl\/sandra-buzon-seleccion-espanola\/","title":{"rendered":"Sandra Buz\u00f3n \u00fanese \u00f3 grupo de internacionais conserveiras"},"content":{"rendered":"<p>Un par de d\u00edas despois do <a href=\"https:\/\/twitter.com\/PoioPescamarfs\/status\/1621956161585938433?s=20&amp;t=pQrp65hOXfajlhEiVtjmYg\">hist\u00f3rico triunfo por 1 &#8211; 0 ante o Futsi Atl\u00e9tico Navalcarnero<\/a>, co que <a href=\"https:\/\/rfef.es\/es\/competiciones\/primera-federacion-femenina\">subimos \u00f3 segundo posto en liga<\/a>, as boas novas seguen chegando \u00f3 noso club. A <a href=\"https:\/\/rfef.es\/es\/noticias\/oficial-claudia-pons-da-la-convocatoria-para-los-amistosos-ante-argentina\">Selecci\u00f3n Espa\u00f1ola<\/a> abre as s\u00faas portas por primeira vez a Sandra Buz\u00f3n, que \u00f3s seus 26 anos derruba unha barreira m\u00e1is na s\u00faa carreira. \u00danese a Martita, que a finais de novembro do ano pasado estreouse con &#8220;La Roja&#8221; e sempre volveu ser chamada de novo, e a Luci, a nosa flamante dobre campioa de Europa.<\/p>\n<p>Cl\u00e0udia Pons dirixir\u00e1 \u00f3 equipo en dous novos partidos amigables en Las Rozas, o 14 e o 15 de febreiro ante Arxentina. \u00c9 dicir, tam\u00e9n teremos sobre a pista a Dupuy e a Agostina defendendo a albiceleste. Ser\u00e1n dous d\u00edas excepcionais para a entidade conserveira, vendo a cinco das s\u00faas futbolistas enfrontarse en duelos internacionais.<\/p>\n<p>Cabe destacar que son os \u00faltimos partidos de preparaci\u00f3n que a Selecci\u00f3n Espa\u00f1ola ten antes do Europeo en Hungr\u00eda, do 17 \u00f3 19 de marzo.<\/p>\n<p>O traballo do equipo e os bos n\u00fameros en Primeira Divisi\u00f3n non pasan desapercibidos, logrando que esta tempada d\u00faas xogadoras debutasen coa selecci\u00f3n. Parab\u00e9ns Sandra, desfr\u00fatao e que repitas no futuro.<\/p>\n<p>&nbsp;<\/p>\n<h6><em>Fontes: RFEF e propia<\/em><\/h6>\n<h6><em>Foto: @futsalcorner_ e @mrrobles21<\/em><\/h6>\n","protected":false},"excerpt":{"rendered":"<p>Un par de d\u00edas despois do hist\u00f3rico triunfo por 1 &#8211; 0 ante o Futsi Atl\u00e9tico Navalcarnero, co que subimos \u00f3 segundo posto en liga, as boas novas seguen chegando \u00f3 noso club. A Selecci\u00f3n Espa\u00f1ola abre as s\u00faas portas por primeira vez a Sandra Buz\u00f3n, que \u00f3s seus 26 anos derruba unha barreira m\u00e1is [&hellip;]<\/p>\n","protected":false},"author":3,"featured_media":2268,"comment_status":"open","ping_status":"closed","sticky":false,"template":"","format":"standard","meta":{"_et_pb_use_builder":"","_et_pb_old_content":"","_et_gb_content_width":""},"categories":[28],"tags":[170,168,133,146,128,180,136],"yoast_head":"<!-- This site is optimized with the Yoast SEO plugin v16.1.1 - https:\/\/yoast.com\/wordpress\/plugins\/seo\/ -->\n<title>Sandra Buz\u00f3n \u00fanese \u00f3 grupo de internacionais conserveiras - Poio Pescamar FS<\/title>\n<meta name=\"description\" content=\"A porteira Sandra Buz\u00f3n estrearase coa selecci\u00f3n en dous partidos ante Arxentina, debutando no combinado nacional.\" \/>\n<link rel=\"canonical\" href=\"https:\/\/poiopescamarfs.es\/gl\/sandra-buzon-seleccion-espanola\/\" \/>\n<meta property=\"og:locale\" content=\"gl_ES\" \/>\n<meta property=\"og:type\" content=\"article\" \/>\n<meta property=\"og:title\" content=\"Sandra Buz\u00f3n \u00fanese \u00f3 grupo de internacionais conserveiras - Poio Pescamar FS\" \/>\n<meta property=\"og:description\" content=\"A porteira Sandra Buz\u00f3n estrearase coa selecci\u00f3n en dous partidos ante Arxentina, debutando no combinado nacional.\" \/>\n<meta property=\"og:url\" content=\"https:\/\/poiopescamarfs.es\/gl\/sandra-buzon-seleccion-espanola\/\" \/>\n<meta property=\"og:site_name\" content=\"Poio Pescamar FS\" \/>\n<meta property=\"article:published_time\" content=\"2023-02-06T19:29:51+00:00\" \/>\n<meta property=\"article:modified_time\" content=\"2023-02-06T19:42:23+00:00\" \/>\n<meta property=\"og:image\" content=\"https:\/\/poiopescamarfs.es\/wp-content\/uploads\/2023\/02\/221105-Arriva-AD-Alcorcon-vs-Poio-Pescamar-9-scaled.jpg\" \/>\n\t<meta property=\"og:image:width\" content=\"2560\" \/>\n\t<meta property=\"og:image:height\" content=\"1707\" \/>\n<meta name=\"twitter:card\" content=\"summary_large_image\" \/>\n<meta name=\"twitter:label1\" content=\"Tempo de lectura\">\n\t<meta name=\"twitter:data1\" content=\"1 minuto\">\n<script type=\"application\/ld+json\" class=\"yoast-schema-graph\">{\"@context\":\"https:\/\/schema.org\",\"@graph\":[{\"@type\":\"WebSite\",\"@id\":\"https:\/\/poiopescamarfs.es\/#website\",\"url\":\"https:\/\/poiopescamarfs.es\/\",\"name\":\"Poio Pescamar FS\",\"description\":\"\",\"potentialAction\":[{\"@type\":\"SearchAction\",\"target\":\"https:\/\/poiopescamarfs.es\/?s={search_term_string}\",\"query-input\":\"required name=search_term_string\"}],\"inLanguage\":\"gl-ES\"},{\"@type\":\"ImageObject\",\"@id\":\"https:\/\/poiopescamarfs.es\/gl\/sandra-buzon-seleccion-espanola\/#primaryimage\",\"inLanguage\":\"gl-ES\",\"url\":\"https:\/\/poiopescamarfs.es\/wp-content\/uploads\/2023\/02\/221105-Arriva-AD-Alcorcon-vs-Poio-Pescamar-9-scaled.jpg\",\"contentUrl\":\"https:\/\/poiopescamarfs.es\/wp-content\/uploads\/2023\/02\/221105-Arriva-AD-Alcorcon-vs-Poio-Pescamar-9-scaled.jpg\",\"width\":2560,\"height\":1707},{\"@type\":\"WebPage\",\"@id\":\"https:\/\/poiopescamarfs.es\/gl\/sandra-buzon-seleccion-espanola\/#webpage\",\"url\":\"https:\/\/poiopescamarfs.es\/gl\/sandra-buzon-seleccion-espanola\/\",\"name\":\"Sandra Buz\\u00f3n \\u00fanese \\u00f3 grupo de internacionais conserveiras - Poio Pescamar FS\",\"isPartOf\":{\"@id\":\"https:\/\/poiopescamarfs.es\/#website\"},\"primaryImageOfPage\":{\"@id\":\"https:\/\/poiopescamarfs.es\/gl\/sandra-buzon-seleccion-espanola\/#primaryimage\"},\"datePublished\":\"2023-02-06T19:29:51+00:00\",\"dateModified\":\"2023-02-06T19:42:23+00:00\",\"author\":{\"@id\":\"https:\/\/poiopescamarfs.es\/#\/schema\/person\/bdec44600d63872753c3ba11ede1d589\"},\"description\":\"A porteira Sandra Buz\\u00f3n estrearase coa selecci\\u00f3n en dous partidos ante Arxentina, debutando no combinado nacional.\",\"breadcrumb\":{\"@id\":\"https:\/\/poiopescamarfs.es\/gl\/sandra-buzon-seleccion-espanola\/#breadcrumb\"},\"inLanguage\":\"gl-ES\",\"potentialAction\":[{\"@type\":\"ReadAction\",\"target\":[\"https:\/\/poiopescamarfs.es\/gl\/sandra-buzon-seleccion-espanola\/\"]}]},{\"@type\":\"BreadcrumbList\",\"@id\":\"https:\/\/poiopescamarfs.es\/gl\/sandra-buzon-seleccion-espanola\/#breadcrumb\",\"itemListElement\":[{\"@type\":\"ListItem\",\"position\":1,\"item\":{\"@type\":\"WebPage\",\"@id\":\"https:\/\/poiopescamarfs.es\/gl\/\",\"url\":\"https:\/\/poiopescamarfs.es\/gl\/\",\"name\":\"Home\"}},{\"@type\":\"ListItem\",\"position\":2,\"item\":{\"@type\":\"WebPage\",\"@id\":\"https:\/\/poiopescamarfs.es\/gl\/sandra-buzon-seleccion-espanola\/\",\"url\":\"https:\/\/poiopescamarfs.es\/gl\/sandra-buzon-seleccion-espanola\/\",\"name\":\"Sandra Buz\\u00f3n \\u00fanese \\u00f3 grupo de internacionais conserveiras\"}}]},{\"@type\":\"Person\",\"@id\":\"https:\/\/poiopescamarfs.es\/#\/schema\/person\/bdec44600d63872753c3ba11ede1d589\",\"name\":\"poiopescamarfs@gmail.com\",\"image\":{\"@type\":\"ImageObject\",\"@id\":\"https:\/\/poiopescamarfs.es\/#personlogo\",\"inLanguage\":\"gl-ES\",\"url\":\"https:\/\/secure.gravatar.com\/avatar\/b2498e234218a28ef967fdbe4a21ae1f?s=96&d=mm&r=g\",\"contentUrl\":\"https:\/\/secure.gravatar.com\/avatar\/b2498e234218a28ef967fdbe4a21ae1f?s=96&d=mm&r=g\",\"caption\":\"poiopescamarfs@gmail.com\"}}]}<\/script>\n<!-- \/ Yoast SEO plugin. -->","_links":{"self":[{"href":"https:\/\/poiopescamarfs.es\/gl\/wp-json\/wp\/v2\/posts\/2266"}],"collection":[{"href":"https:\/\/poiopescamarfs.es\/gl\/wp-json\/wp\/v2\/posts"}],"about":[{"href":"https:\/\/poiopescamarfs.es\/gl\/wp-json\/wp\/v2\/types\/post"}],"author":[{"embeddable":true,"href":"https:\/\/poiopescamarfs.es\/gl\/wp-json\/wp\/v2\/users\/3"}],"replies":[{"embeddable":true,"href":"https:\/\/poiopescamarfs.es\/gl\/wp-json\/wp\/v2\/comments?post=2266"}],"version-history":[{"count":3,"href":"https:\/\/poiopescamarfs.es\/gl\/wp-json\/wp\/v2\/posts\/2266\/revisions"}],"predecessor-version":[{"id":2273,"href":"https:\/\/poiopescamarfs.es\/gl\/wp-json\/wp\/v2\/posts\/2266\/revisions\/2273"}],"wp:featuredmedia":[{"embeddable":true,"href":"https:\/\/poiopescamarfs.es\/gl\/wp-json\/wp\/v2\/media\/2268"}],"wp:attachment":[{"href":"https:\/\/poiopescamarfs.es\/gl\/wp-json\/wp\/v2\/media?parent=2266"}],"wp:term":[{"taxonomy":"category","embeddable":true,"href":"https:\/\/poiopescamarfs.es\/gl\/wp-json\/wp\/v2\/categories?post=2266"},{"taxonomy":"post_tag","embeddable":true,"href":"https:\/\/poiopescamarfs.es\/gl\/wp-json\/wp\/v2\/tags?post=2266"}],"curies":[{"name":"wp","href":"https:\/\/api.w.org\/{rel}","templated":true}]}}