{"id":5609,"date":"2024-10-30T10:46:30","date_gmt":"2024-10-30T09:46:30","guid":{"rendered":"https:\/\/poiopescamarfs.es\/?p=5609"},"modified":"2024-11-04T19:34:30","modified_gmt":"2024-11-04T18:34:30","slug":"elena-martita-seleccion-espanola-sub-23","status":"publish","type":"post","link":"https:\/\/poiopescamarfs.es\/gl\/elena-martita-seleccion-espanola-sub-23\/","title":{"rendered":"Elena e Martita convocadas coa nova Selecci\u00f3n Espa\u00f1ola Sub-23"},"content":{"rendered":"<p>[et_pb_section fb_built=&#8221;1&#8243; _builder_version=&#8221;4.9.7&#8243; _module_preset=&#8221;default&#8221;][et_pb_row _builder_version=&#8221;4.9.7&#8243; _module_preset=&#8221;default&#8221;][et_pb_column type=&#8221;4_4&#8243; _builder_version=&#8221;4.9.7&#8243; _module_preset=&#8221;default&#8221;][et_pb_text _builder_version=&#8221;4.9.7&#8243; _module_preset=&#8221;default&#8221;]<\/p>\n<p>A RFEF decidiu crear unha nova categor\u00eda na Selecci\u00f3n Espa\u00f1ola Feminina de f\u00fatbol sala, <a href=\"https:\/\/rfef.es\/es\/noticias\/jordi-gay-da-la-primera-lista-de-la-seleccion-sub-23-femenina\">a sub-23<\/a>, e na s\u00faa primera convocatoria chamaron a d\u00faas xogadoras do noso plantel: Elena e Martita.<\/p>\n<p>O grupo est\u00e1 concentrado dende o pasado d\u00eda 27 de outubro e esta tarde disputar\u00e1n un amigable contra o Futsi Atl\u00e9tico Navalcarnero.<\/p>\n<p>[\/et_pb_text][et_pb_image src=&#8221;https:\/\/poiopescamarfs.es\/wp-content\/uploads\/2024\/10\/todas.jpeg&#8221; title_text=&#8221;todas&#8221; _builder_version=&#8221;4.9.7&#8243; _module_preset=&#8221;default&#8221;][\/et_pb_image][et_pb_text _builder_version=&#8221;4.9.7&#8243; _module_preset=&#8221;default&#8221; hover_enabled=&#8221;0&#8243; sticky_enabled=&#8221;0&#8243;]<\/p>\n<p>Regresa a peche coru\u00f1esa, Martita, a unha convocatoria tras debutar coa absoluta en novembro de 2022. Pese \u00e1 s\u00faa xuventude, acumula catro tempadas nas nosas filas rendindo \u00f3 m\u00e1ximo nivel. De feito, \u00e9 a \u00fanica futbolista que foi titular en todos os partidos deste curso, asinando 3 goles e 2 asistencias incluso (8 partidos, contando Copa Galicia).<\/p>\n<p>En 2022, a\u00ednda que en marzo, adestrou unha vez coa absoluta Elena, antes de ter que deixar a concentraci\u00f3n por covid. A meta segoviana, que tam\u00e9n estivo na sub-17 e na sub-21, ve recompensado o seu traballo, consolidado no noso club, na s\u00faa terceira campa\u00f1a, como unha das porteiras que menos tantos encaixa en Primeira Divisi\u00f3n. Nos 5 duelos ligueiros que disputou, recibiu 6 tantos.<\/p>\n<p>[\/et_pb_text][\/et_pb_column][\/et_pb_row][\/et_pb_section]<\/p>\n","protected":false},"excerpt":{"rendered":"<p>[et_pb_section fb_built=&#8221;1&#8243; _builder_version=&#8221;4.9.7&#8243; _module_preset=&#8221;default&#8221;][et_pb_row _builder_version=&#8221;4.9.7&#8243; _module_preset=&#8221;default&#8221;][et_pb_column type=&#8221;4_4&#8243; _builder_version=&#8221;4.9.7&#8243; _module_preset=&#8221;default&#8221;][et_pb_text _builder_version=&#8221;4.9.7&#8243; _module_preset=&#8221;default&#8221;] A RFEF decidiu crear unha nova categor\u00eda na Selecci\u00f3n Espa\u00f1ola Feminina de f\u00fatbol sala, a sub-23, e na s\u00faa primera convocatoria chamaron a d\u00faas xogadoras do noso plantel: Elena e Martita. O grupo est\u00e1 concentrado dende o pasado d\u00eda 27 de outubro e esta [&hellip;]<\/p>\n","protected":false},"author":3,"featured_media":5610,"comment_status":"closed","ping_status":"closed","sticky":false,"template":"","format":"standard","meta":{"_et_pb_use_builder":"on","_et_pb_old_content":"","_et_gb_content_width":""},"categories":[28],"tags":[123,146,136],"yoast_head":"<!-- This site is optimized with the Yoast SEO plugin v16.1.1 - https:\/\/yoast.com\/wordpress\/plugins\/seo\/ -->\n<title>Elena e Martita convocadas coa nova Selecci\u00f3n Espa\u00f1ola Sub-23 - Poio Pescamar FS<\/title>\n<meta name=\"description\" content=\"Na primeira convocatoria deste novo combinado, dirixido por Jordi Gay, est\u00e1n presentes as conserveiras Elena e Martita.\" \/>\n<link rel=\"canonical\" href=\"https:\/\/poiopescamarfs.es\/gl\/elena-martita-seleccion-espanola-sub-23\/\" \/>\n<meta property=\"og:locale\" content=\"gl_ES\" \/>\n<meta property=\"og:type\" content=\"article\" \/>\n<meta property=\"og:title\" content=\"Elena e Martita convocadas coa nova Selecci\u00f3n Espa\u00f1ola Sub-23 - Poio Pescamar FS\" \/>\n<meta property=\"og:description\" content=\"Na primeira convocatoria deste novo combinado, dirixido por Jordi Gay, est\u00e1n presentes as conserveiras Elena e Martita.\" \/>\n<meta property=\"og:url\" content=\"https:\/\/poiopescamarfs.es\/gl\/elena-martita-seleccion-espanola-sub-23\/\" \/>\n<meta property=\"og:site_name\" content=\"Poio Pescamar FS\" \/>\n<meta property=\"article:published_time\" content=\"2024-10-30T09:46:30+00:00\" \/>\n<meta property=\"article:modified_time\" content=\"2024-11-04T18:34:30+00:00\" \/>\n<meta property=\"og:image\" content=\"https:\/\/poiopescamarfs.es\/wp-content\/uploads\/2024\/10\/WhatsApp-Image-2024-10-29-at-14.53.30.jpeg\" \/>\n\t<meta property=\"og:image:width\" content=\"1600\" \/>\n\t<meta property=\"og:image:height\" content=\"1200\" \/>\n<meta name=\"twitter:card\" content=\"summary_large_image\" \/>\n<meta name=\"twitter:label1\" content=\"Tempo de lectura\">\n\t<meta name=\"twitter:data1\" content=\"1 minuto\">\n<script type=\"application\/ld+json\" class=\"yoast-schema-graph\">{\"@context\":\"https:\/\/schema.org\",\"@graph\":[{\"@type\":\"WebSite\",\"@id\":\"https:\/\/poiopescamarfs.es\/#website\",\"url\":\"https:\/\/poiopescamarfs.es\/\",\"name\":\"Poio Pescamar FS\",\"description\":\"\",\"potentialAction\":[{\"@type\":\"SearchAction\",\"target\":\"https:\/\/poiopescamarfs.es\/?s={search_term_string}\",\"query-input\":\"required name=search_term_string\"}],\"inLanguage\":\"gl-ES\"},{\"@type\":\"ImageObject\",\"@id\":\"https:\/\/poiopescamarfs.es\/gl\/elena-martita-seleccion-espanola-sub-23\/#primaryimage\",\"inLanguage\":\"gl-ES\",\"url\":\"https:\/\/poiopescamarfs.es\/wp-content\/uploads\/2024\/10\/WhatsApp-Image-2024-10-29-at-14.53.30.jpeg\",\"contentUrl\":\"https:\/\/poiopescamarfs.es\/wp-content\/uploads\/2024\/10\/WhatsApp-Image-2024-10-29-at-14.53.30.jpeg\",\"width\":1600,\"height\":1200},{\"@type\":\"WebPage\",\"@id\":\"https:\/\/poiopescamarfs.es\/gl\/elena-martita-seleccion-espanola-sub-23\/#webpage\",\"url\":\"https:\/\/poiopescamarfs.es\/gl\/elena-martita-seleccion-espanola-sub-23\/\",\"name\":\"Elena e Martita convocadas coa nova Selecci\\u00f3n Espa\\u00f1ola Sub-23 - Poio Pescamar FS\",\"isPartOf\":{\"@id\":\"https:\/\/poiopescamarfs.es\/#website\"},\"primaryImageOfPage\":{\"@id\":\"https:\/\/poiopescamarfs.es\/gl\/elena-martita-seleccion-espanola-sub-23\/#primaryimage\"},\"datePublished\":\"2024-10-30T09:46:30+00:00\",\"dateModified\":\"2024-11-04T18:34:30+00:00\",\"author\":{\"@id\":\"https:\/\/poiopescamarfs.es\/#\/schema\/person\/bdec44600d63872753c3ba11ede1d589\"},\"description\":\"Na primeira convocatoria deste novo combinado, dirixido por Jordi Gay, est\\u00e1n presentes as conserveiras Elena e Martita.\",\"breadcrumb\":{\"@id\":\"https:\/\/poiopescamarfs.es\/gl\/elena-martita-seleccion-espanola-sub-23\/#breadcrumb\"},\"inLanguage\":\"gl-ES\",\"potentialAction\":[{\"@type\":\"ReadAction\",\"target\":[\"https:\/\/poiopescamarfs.es\/gl\/elena-martita-seleccion-espanola-sub-23\/\"]}]},{\"@type\":\"BreadcrumbList\",\"@id\":\"https:\/\/poiopescamarfs.es\/gl\/elena-martita-seleccion-espanola-sub-23\/#breadcrumb\",\"itemListElement\":[{\"@type\":\"ListItem\",\"position\":1,\"item\":{\"@type\":\"WebPage\",\"@id\":\"https:\/\/poiopescamarfs.es\/gl\/\",\"url\":\"https:\/\/poiopescamarfs.es\/gl\/\",\"name\":\"Home\"}},{\"@type\":\"ListItem\",\"position\":2,\"item\":{\"@type\":\"WebPage\",\"@id\":\"https:\/\/poiopescamarfs.es\/gl\/elena-martita-seleccion-espanola-sub-23\/\",\"url\":\"https:\/\/poiopescamarfs.es\/gl\/elena-martita-seleccion-espanola-sub-23\/\",\"name\":\"Elena e Martita convocadas coa nova Selecci\\u00f3n Espa\\u00f1ola Sub-23\"}}]},{\"@type\":\"Person\",\"@id\":\"https:\/\/poiopescamarfs.es\/#\/schema\/person\/bdec44600d63872753c3ba11ede1d589\",\"name\":\"poiopescamarfs@gmail.com\",\"image\":{\"@type\":\"ImageObject\",\"@id\":\"https:\/\/poiopescamarfs.es\/#personlogo\",\"inLanguage\":\"gl-ES\",\"url\":\"https:\/\/secure.gravatar.com\/avatar\/b2498e234218a28ef967fdbe4a21ae1f?s=96&d=mm&r=g\",\"contentUrl\":\"https:\/\/secure.gravatar.com\/avatar\/b2498e234218a28ef967fdbe4a21ae1f?s=96&d=mm&r=g\",\"caption\":\"poiopescamarfs@gmail.com\"}}]}<\/script>\n<!-- \/ Yoast SEO plugin. -->","_links":{"self":[{"href":"https:\/\/poiopescamarfs.es\/gl\/wp-json\/wp\/v2\/posts\/5609"}],"collection":[{"href":"https:\/\/poiopescamarfs.es\/gl\/wp-json\/wp\/v2\/posts"}],"about":[{"href":"https:\/\/poiopescamarfs.es\/gl\/wp-json\/wp\/v2\/types\/post"}],"author":[{"embeddable":true,"href":"https:\/\/poiopescamarfs.es\/gl\/wp-json\/wp\/v2\/users\/3"}],"replies":[{"embeddable":true,"href":"https:\/\/poiopescamarfs.es\/gl\/wp-json\/wp\/v2\/comments?post=5609"}],"version-history":[{"count":5,"href":"https:\/\/poiopescamarfs.es\/gl\/wp-json\/wp\/v2\/posts\/5609\/revisions"}],"predecessor-version":[{"id":5676,"href":"https:\/\/poiopescamarfs.es\/gl\/wp-json\/wp\/v2\/posts\/5609\/revisions\/5676"}],"wp:featuredmedia":[{"embeddable":true,"href":"https:\/\/poiopescamarfs.es\/gl\/wp-json\/wp\/v2\/media\/5610"}],"wp:attachment":[{"href":"https:\/\/poiopescamarfs.es\/gl\/wp-json\/wp\/v2\/media?parent=5609"}],"wp:term":[{"taxonomy":"category","embeddable":true,"href":"https:\/\/poiopescamarfs.es\/gl\/wp-json\/wp\/v2\/categories?post=5609"},{"taxonomy":"post_tag","embeddable":true,"href":"https:\/\/poiopescamarfs.es\/gl\/wp-json\/wp\/v2\/tags?post=5609"}],"curies":[{"name":"wp","href":"https:\/\/api.w.org\/{rel}","templated":true}]}}