{"id":5791,"date":"2024-11-12T13:57:05","date_gmt":"2024-11-12T12:57:05","guid":{"rendered":"https:\/\/poiopescamarfs.es\/?p=5791"},"modified":"2024-11-12T13:57:05","modified_gmt":"2024-11-12T12:57:05","slug":"campana-25n-2024","status":"publish","type":"post","link":"https:\/\/poiopescamarfs.es\/gl\/campana-25n-2024\/","title":{"rendered":"Partido pola igualdade e a NON violencia de x\u00e9nero"},"content":{"rendered":"<p>O calendario de Primeira Divisi\u00f3n fixo coincidir, un ano m\u00e1is, a <a href=\"https:\/\/x.com\/PoioPescamarfs\/status\/1855981196221558787\">visita do Futsi<\/a> co partido que dedicamos \u00e1 campa\u00f1a do 25 de novembro, pola igualdade de x\u00e9nero.<\/p>\n<p>Dentro da promoci\u00f3n e sensibilizaci\u00f3n do deporte feminino, por estas datas trascende, m\u00e1is se cabe, a loita polo cambio cara unha sociedade m\u00e1is xusta, base\u00e1ndonos nus obxectivos:<\/p>\n<ul>\n<li>Visibilizar o deporte feminino.<\/li>\n<li>Promover a igualdade de x\u00e9nero no deporte.<\/li>\n<li>Previr e erradicar a violencia de x\u00e9nero.<\/li>\n<li>Empoderar \u00e1s mulleres a trav\u00e9s do deporte.<\/li>\n<\/ul>\n<p>Por iso, esta ma\u00f1\u00e1 presentamos oficialmente a campa\u00f1a para o partido deste s\u00e1bado no que recibiremos \u00f3 l\u00edder da mellor liga do mundo \u00e1s 18:30 horas na Seca. A presidenta, Olalla, encabezou o acto xunto \u00e1s tres capit\u00e1s do primeiro equipo conserveiro, Irene, Martita e Elena Arag\u00f3n.<\/p>\n<p>Ademais, o club enviar\u00e1 invitaci\u00f3ns para os colectivos veci\u00f1ais, a trav\u00e9s da Secretar\u00eda Xeral para o Deporte da Xunta de Galicia, para que asistan \u00f3 partido.<\/p>\n<p>Inspiremos \u00e1s novas xeraci\u00f3ns para eliminar estereotipos e concienciar sobre a igualdade real entre homes e mulleres.<\/p>\n","protected":false},"excerpt":{"rendered":"<p>O calendario de Primeira Divisi\u00f3n fixo coincidir, un ano m\u00e1is, a visita do Futsi co partido que dedicamos \u00e1 campa\u00f1a do 25 de novembro, pola igualdade de x\u00e9nero. Dentro da promoci\u00f3n e sensibilizaci\u00f3n do deporte feminino, por estas datas trascende, m\u00e1is se cabe, a loita polo cambio cara unha sociedade m\u00e1is xusta, base\u00e1ndonos nus obxectivos: [&hellip;]<\/p>\n","protected":false},"author":3,"featured_media":5792,"comment_status":"closed","ping_status":"closed","sticky":false,"template":"","format":"standard","meta":{"_et_pb_use_builder":"","_et_pb_old_content":"","_et_gb_content_width":""},"categories":[28],"tags":[74,264],"yoast_head":"<!-- This site is optimized with the Yoast SEO plugin v16.1.1 - https:\/\/yoast.com\/wordpress\/plugins\/seo\/ -->\n<title>Partido pola igualdade e a NON violencia de x\u00e9nero - Poio Pescamar FS<\/title>\n<meta name=\"description\" content=\"O duelo contra o l\u00edder, Futsi At. Navalcarnero, ser\u00e1 declarado o partido contra a violencia de x\u00e9nero, dentro da campa\u00f1a do 25N.\" \/>\n<link rel=\"canonical\" href=\"https:\/\/poiopescamarfs.es\/gl\/campana-25n-2024\/\" \/>\n<meta property=\"og:locale\" content=\"gl_ES\" \/>\n<meta property=\"og:type\" content=\"article\" \/>\n<meta property=\"og:title\" content=\"Partido pola igualdade e a NON violencia de x\u00e9nero - Poio Pescamar FS\" \/>\n<meta property=\"og:description\" content=\"O duelo contra o l\u00edder, Futsi At. Navalcarnero, ser\u00e1 declarado o partido contra a violencia de x\u00e9nero, dentro da campa\u00f1a do 25N.\" \/>\n<meta property=\"og:url\" content=\"https:\/\/poiopescamarfs.es\/gl\/campana-25n-2024\/\" \/>\n<meta property=\"og:site_name\" content=\"Poio Pescamar FS\" \/>\n<meta property=\"article:published_time\" content=\"2024-11-12T12:57:05+00:00\" \/>\n<meta property=\"og:image\" content=\"https:\/\/poiopescamarfs.es\/wp-content\/uploads\/2024\/11\/WhatsApp-Image-2024-11-12-at-13.15.49.jpeg\" \/>\n\t<meta property=\"og:image:width\" content=\"1583\" \/>\n\t<meta property=\"og:image:height\" content=\"1005\" \/>\n<meta name=\"twitter:card\" content=\"summary_large_image\" \/>\n<meta name=\"twitter:label1\" content=\"Tempo de lectura\">\n\t<meta name=\"twitter:data1\" content=\"1 minuto\">\n<script type=\"application\/ld+json\" class=\"yoast-schema-graph\">{\"@context\":\"https:\/\/schema.org\",\"@graph\":[{\"@type\":\"WebSite\",\"@id\":\"https:\/\/poiopescamarfs.es\/#website\",\"url\":\"https:\/\/poiopescamarfs.es\/\",\"name\":\"Poio Pescamar FS\",\"description\":\"\",\"potentialAction\":[{\"@type\":\"SearchAction\",\"target\":\"https:\/\/poiopescamarfs.es\/?s={search_term_string}\",\"query-input\":\"required name=search_term_string\"}],\"inLanguage\":\"gl-ES\"},{\"@type\":\"ImageObject\",\"@id\":\"https:\/\/poiopescamarfs.es\/gl\/campana-25n-2024\/#primaryimage\",\"inLanguage\":\"gl-ES\",\"url\":\"https:\/\/poiopescamarfs.es\/wp-content\/uploads\/2024\/11\/WhatsApp-Image-2024-11-12-at-13.15.49.jpeg\",\"contentUrl\":\"https:\/\/poiopescamarfs.es\/wp-content\/uploads\/2024\/11\/WhatsApp-Image-2024-11-12-at-13.15.49.jpeg\",\"width\":1583,\"height\":1005},{\"@type\":\"WebPage\",\"@id\":\"https:\/\/poiopescamarfs.es\/gl\/campana-25n-2024\/#webpage\",\"url\":\"https:\/\/poiopescamarfs.es\/gl\/campana-25n-2024\/\",\"name\":\"Partido pola igualdade e a NON violencia de x\\u00e9nero - Poio Pescamar FS\",\"isPartOf\":{\"@id\":\"https:\/\/poiopescamarfs.es\/#website\"},\"primaryImageOfPage\":{\"@id\":\"https:\/\/poiopescamarfs.es\/gl\/campana-25n-2024\/#primaryimage\"},\"datePublished\":\"2024-11-12T12:57:05+00:00\",\"dateModified\":\"2024-11-12T12:57:05+00:00\",\"author\":{\"@id\":\"https:\/\/poiopescamarfs.es\/#\/schema\/person\/bdec44600d63872753c3ba11ede1d589\"},\"description\":\"O duelo contra o l\\u00edder, Futsi At. Navalcarnero, ser\\u00e1 declarado o partido contra a violencia de x\\u00e9nero, dentro da campa\\u00f1a do 25N.\",\"breadcrumb\":{\"@id\":\"https:\/\/poiopescamarfs.es\/gl\/campana-25n-2024\/#breadcrumb\"},\"inLanguage\":\"gl-ES\",\"potentialAction\":[{\"@type\":\"ReadAction\",\"target\":[\"https:\/\/poiopescamarfs.es\/gl\/campana-25n-2024\/\"]}]},{\"@type\":\"BreadcrumbList\",\"@id\":\"https:\/\/poiopescamarfs.es\/gl\/campana-25n-2024\/#breadcrumb\",\"itemListElement\":[{\"@type\":\"ListItem\",\"position\":1,\"item\":{\"@type\":\"WebPage\",\"@id\":\"https:\/\/poiopescamarfs.es\/gl\/\",\"url\":\"https:\/\/poiopescamarfs.es\/gl\/\",\"name\":\"Home\"}},{\"@type\":\"ListItem\",\"position\":2,\"item\":{\"@type\":\"WebPage\",\"@id\":\"https:\/\/poiopescamarfs.es\/gl\/campana-25n-2024\/\",\"url\":\"https:\/\/poiopescamarfs.es\/gl\/campana-25n-2024\/\",\"name\":\"Partido pola igualdade e a NON violencia de x\\u00e9nero\"}}]},{\"@type\":\"Person\",\"@id\":\"https:\/\/poiopescamarfs.es\/#\/schema\/person\/bdec44600d63872753c3ba11ede1d589\",\"name\":\"poiopescamarfs@gmail.com\",\"image\":{\"@type\":\"ImageObject\",\"@id\":\"https:\/\/poiopescamarfs.es\/#personlogo\",\"inLanguage\":\"gl-ES\",\"url\":\"https:\/\/secure.gravatar.com\/avatar\/b2498e234218a28ef967fdbe4a21ae1f?s=96&d=mm&r=g\",\"contentUrl\":\"https:\/\/secure.gravatar.com\/avatar\/b2498e234218a28ef967fdbe4a21ae1f?s=96&d=mm&r=g\",\"caption\":\"poiopescamarfs@gmail.com\"}}]}<\/script>\n<!-- \/ Yoast SEO plugin. -->","_links":{"self":[{"href":"https:\/\/poiopescamarfs.es\/gl\/wp-json\/wp\/v2\/posts\/5791"}],"collection":[{"href":"https:\/\/poiopescamarfs.es\/gl\/wp-json\/wp\/v2\/posts"}],"about":[{"href":"https:\/\/poiopescamarfs.es\/gl\/wp-json\/wp\/v2\/types\/post"}],"author":[{"embeddable":true,"href":"https:\/\/poiopescamarfs.es\/gl\/wp-json\/wp\/v2\/users\/3"}],"replies":[{"embeddable":true,"href":"https:\/\/poiopescamarfs.es\/gl\/wp-json\/wp\/v2\/comments?post=5791"}],"version-history":[{"count":1,"href":"https:\/\/poiopescamarfs.es\/gl\/wp-json\/wp\/v2\/posts\/5791\/revisions"}],"predecessor-version":[{"id":5795,"href":"https:\/\/poiopescamarfs.es\/gl\/wp-json\/wp\/v2\/posts\/5791\/revisions\/5795"}],"wp:featuredmedia":[{"embeddable":true,"href":"https:\/\/poiopescamarfs.es\/gl\/wp-json\/wp\/v2\/media\/5792"}],"wp:attachment":[{"href":"https:\/\/poiopescamarfs.es\/gl\/wp-json\/wp\/v2\/media?parent=5791"}],"wp:term":[{"taxonomy":"category","embeddable":true,"href":"https:\/\/poiopescamarfs.es\/gl\/wp-json\/wp\/v2\/categories?post=5791"},{"taxonomy":"post_tag","embeddable":true,"href":"https:\/\/poiopescamarfs.es\/gl\/wp-json\/wp\/v2\/tags?post=5791"}],"curies":[{"name":"wp","href":"https:\/\/api.w.org\/{rel}","templated":true}]}}