{"id":6573,"date":"2025-02-04T13:48:00","date_gmt":"2025-02-04T12:48:00","guid":{"rendered":"https:\/\/poiopescamarfs.es\/?p=6573"},"modified":"2025-02-04T13:48:00","modified_gmt":"2025-02-04T12:48:00","slug":"rocio-molina-seleccion-espanola-sub-21","status":"publish","type":"post","link":"https:\/\/poiopescamarfs.es\/gl\/rocio-molina-seleccion-espanola-sub-21\/","title":{"rendered":"Roc\u00edo Molina estr\u00e9ase con Espa\u00f1a na sub-21"},"content":{"rendered":"<p>\u00c1s internacionalidades de Ale de Paz, Laura U\u00f1a e Elena coa absoluta durante a presente tempada (a porteira segoviana tam\u00e9n estivo coa sub-23), as\u00ed como Martita, coa citada sub-23, \u00fanese agora Roc\u00edo Molina, quen est\u00e1 concentrada coa sub-21.<\/p>\n<p>As\u00ed o quixo o seleccionador Jordi Gay, quen <a href=\"https:\/\/rfef.es\/es\/noticias\/la-sub-21-femenina-trabaja-en-las-rozas-con-la-vista-puesta-en-noruega\">solicitou \u00e1 almeriense para concentrarse<\/a> dende o domingo ata o pr\u00f3ximo d\u00eda 5 de febreiro. Dous partidos amigables celebraranse nas tardes de hoxe, martes, e ma\u00f1\u00e1, m\u00e9rcores, contra Noruega (poder\u00e1n verse en directo nas canles da RFEF).<\/p>\n<p>Para Roc\u00edo \u00e9 a primeira chamada da s\u00faa vida co combinado nacional, polo que nos alegramos enormemente e desex\u00e1moslle que poida repetilo.<\/p>\n","protected":false},"excerpt":{"rendered":"<p>\u00c1s internacionalidades de Ale de Paz, Laura U\u00f1a e Elena coa absoluta durante a presente tempada (a porteira segoviana tam\u00e9n estivo coa sub-23), as\u00ed como Martita, coa citada sub-23, \u00fanese agora Roc\u00edo Molina, quen est\u00e1 concentrada coa sub-21. As\u00ed o quixo o seleccionador Jordi Gay, quen solicitou \u00e1 almeriense para concentrarse dende o domingo ata [&hellip;]<\/p>\n","protected":false},"author":3,"featured_media":6574,"comment_status":"closed","ping_status":"closed","sticky":false,"template":"","format":"standard","meta":{"_et_pb_use_builder":"","_et_pb_old_content":"","_et_gb_content_width":""},"categories":[28],"tags":[284,136],"yoast_head":"<!-- This site is optimized with the Yoast SEO plugin v16.1.1 - https:\/\/yoast.com\/wordpress\/plugins\/seo\/ -->\n<title>Roc\u00edo Molina estr\u00e9ase con Espa\u00f1a na sub-21 - Poio Pescamar FS<\/title>\n<meta name=\"description\" content=\"A almeriense, Roc\u00edo Molina, \u00e9 convocada por primeira vez coa Selecci\u00f3n Espa\u00f1ola, neste caso a sub-21.\" \/>\n<link rel=\"canonical\" href=\"https:\/\/poiopescamarfs.es\/gl\/rocio-molina-seleccion-espanola-sub-21\/\" \/>\n<meta property=\"og:locale\" content=\"gl_ES\" \/>\n<meta property=\"og:type\" content=\"article\" \/>\n<meta property=\"og:title\" content=\"Roc\u00edo Molina estr\u00e9ase con Espa\u00f1a na sub-21 - Poio Pescamar FS\" \/>\n<meta property=\"og:description\" content=\"A almeriense, Roc\u00edo Molina, \u00e9 convocada por primeira vez coa Selecci\u00f3n Espa\u00f1ola, neste caso a sub-21.\" \/>\n<meta property=\"og:url\" content=\"https:\/\/poiopescamarfs.es\/gl\/rocio-molina-seleccion-espanola-sub-21\/\" \/>\n<meta property=\"og:site_name\" content=\"Poio Pescamar FS\" \/>\n<meta property=\"article:published_time\" content=\"2025-02-04T12:48:00+00:00\" \/>\n<meta property=\"og:image\" content=\"https:\/\/poiopescamarfs.es\/wp-content\/uploads\/2025\/02\/WhatsApp-Image-2025-02-04-at-13.25.34.jpeg\" \/>\n\t<meta property=\"og:image:width\" content=\"1257\" \/>\n\t<meta property=\"og:image:height\" content=\"1675\" \/>\n<meta name=\"twitter:card\" content=\"summary_large_image\" \/>\n<meta name=\"twitter:label1\" content=\"Tempo de lectura\">\n\t<meta name=\"twitter:data1\" content=\"1 minuto\">\n<script type=\"application\/ld+json\" class=\"yoast-schema-graph\">{\"@context\":\"https:\/\/schema.org\",\"@graph\":[{\"@type\":\"WebSite\",\"@id\":\"https:\/\/poiopescamarfs.es\/#website\",\"url\":\"https:\/\/poiopescamarfs.es\/\",\"name\":\"Poio Pescamar FS\",\"description\":\"\",\"potentialAction\":[{\"@type\":\"SearchAction\",\"target\":\"https:\/\/poiopescamarfs.es\/?s={search_term_string}\",\"query-input\":\"required name=search_term_string\"}],\"inLanguage\":\"gl-ES\"},{\"@type\":\"ImageObject\",\"@id\":\"https:\/\/poiopescamarfs.es\/gl\/rocio-molina-seleccion-espanola-sub-21\/#primaryimage\",\"inLanguage\":\"gl-ES\",\"url\":\"https:\/\/poiopescamarfs.es\/wp-content\/uploads\/2025\/02\/WhatsApp-Image-2025-02-04-at-13.25.34.jpeg\",\"contentUrl\":\"https:\/\/poiopescamarfs.es\/wp-content\/uploads\/2025\/02\/WhatsApp-Image-2025-02-04-at-13.25.34.jpeg\",\"width\":1257,\"height\":1675},{\"@type\":\"WebPage\",\"@id\":\"https:\/\/poiopescamarfs.es\/gl\/rocio-molina-seleccion-espanola-sub-21\/#webpage\",\"url\":\"https:\/\/poiopescamarfs.es\/gl\/rocio-molina-seleccion-espanola-sub-21\/\",\"name\":\"Roc\\u00edo Molina estr\\u00e9ase con Espa\\u00f1a na sub-21 - Poio Pescamar FS\",\"isPartOf\":{\"@id\":\"https:\/\/poiopescamarfs.es\/#website\"},\"primaryImageOfPage\":{\"@id\":\"https:\/\/poiopescamarfs.es\/gl\/rocio-molina-seleccion-espanola-sub-21\/#primaryimage\"},\"datePublished\":\"2025-02-04T12:48:00+00:00\",\"dateModified\":\"2025-02-04T12:48:00+00:00\",\"author\":{\"@id\":\"https:\/\/poiopescamarfs.es\/#\/schema\/person\/bdec44600d63872753c3ba11ede1d589\"},\"description\":\"A almeriense, Roc\\u00edo Molina, \\u00e9 convocada por primeira vez coa Selecci\\u00f3n Espa\\u00f1ola, neste caso a sub-21.\",\"breadcrumb\":{\"@id\":\"https:\/\/poiopescamarfs.es\/gl\/rocio-molina-seleccion-espanola-sub-21\/#breadcrumb\"},\"inLanguage\":\"gl-ES\",\"potentialAction\":[{\"@type\":\"ReadAction\",\"target\":[\"https:\/\/poiopescamarfs.es\/gl\/rocio-molina-seleccion-espanola-sub-21\/\"]}]},{\"@type\":\"BreadcrumbList\",\"@id\":\"https:\/\/poiopescamarfs.es\/gl\/rocio-molina-seleccion-espanola-sub-21\/#breadcrumb\",\"itemListElement\":[{\"@type\":\"ListItem\",\"position\":1,\"item\":{\"@type\":\"WebPage\",\"@id\":\"https:\/\/poiopescamarfs.es\/gl\/\",\"url\":\"https:\/\/poiopescamarfs.es\/gl\/\",\"name\":\"Home\"}},{\"@type\":\"ListItem\",\"position\":2,\"item\":{\"@type\":\"WebPage\",\"@id\":\"https:\/\/poiopescamarfs.es\/gl\/rocio-molina-seleccion-espanola-sub-21\/\",\"url\":\"https:\/\/poiopescamarfs.es\/gl\/rocio-molina-seleccion-espanola-sub-21\/\",\"name\":\"Roc\\u00edo Molina estr\\u00e9ase con Espa\\u00f1a na sub-21\"}}]},{\"@type\":\"Person\",\"@id\":\"https:\/\/poiopescamarfs.es\/#\/schema\/person\/bdec44600d63872753c3ba11ede1d589\",\"name\":\"poiopescamarfs@gmail.com\",\"image\":{\"@type\":\"ImageObject\",\"@id\":\"https:\/\/poiopescamarfs.es\/#personlogo\",\"inLanguage\":\"gl-ES\",\"url\":\"https:\/\/secure.gravatar.com\/avatar\/b2498e234218a28ef967fdbe4a21ae1f?s=96&d=mm&r=g\",\"contentUrl\":\"https:\/\/secure.gravatar.com\/avatar\/b2498e234218a28ef967fdbe4a21ae1f?s=96&d=mm&r=g\",\"caption\":\"poiopescamarfs@gmail.com\"}}]}<\/script>\n<!-- \/ Yoast SEO plugin. -->","_links":{"self":[{"href":"https:\/\/poiopescamarfs.es\/gl\/wp-json\/wp\/v2\/posts\/6573"}],"collection":[{"href":"https:\/\/poiopescamarfs.es\/gl\/wp-json\/wp\/v2\/posts"}],"about":[{"href":"https:\/\/poiopescamarfs.es\/gl\/wp-json\/wp\/v2\/types\/post"}],"author":[{"embeddable":true,"href":"https:\/\/poiopescamarfs.es\/gl\/wp-json\/wp\/v2\/users\/3"}],"replies":[{"embeddable":true,"href":"https:\/\/poiopescamarfs.es\/gl\/wp-json\/wp\/v2\/comments?post=6573"}],"version-history":[{"count":1,"href":"https:\/\/poiopescamarfs.es\/gl\/wp-json\/wp\/v2\/posts\/6573\/revisions"}],"predecessor-version":[{"id":6577,"href":"https:\/\/poiopescamarfs.es\/gl\/wp-json\/wp\/v2\/posts\/6573\/revisions\/6577"}],"wp:featuredmedia":[{"embeddable":true,"href":"https:\/\/poiopescamarfs.es\/gl\/wp-json\/wp\/v2\/media\/6574"}],"wp:attachment":[{"href":"https:\/\/poiopescamarfs.es\/gl\/wp-json\/wp\/v2\/media?parent=6573"}],"wp:term":[{"taxonomy":"category","embeddable":true,"href":"https:\/\/poiopescamarfs.es\/gl\/wp-json\/wp\/v2\/categories?post=6573"},{"taxonomy":"post_tag","embeddable":true,"href":"https:\/\/poiopescamarfs.es\/gl\/wp-json\/wp\/v2\/tags?post=6573"}],"curies":[{"name":"wp","href":"https:\/\/api.w.org\/{rel}","templated":true}]}}