{"id":7962,"date":"2025-08-15T12:00:49","date_gmt":"2025-08-15T10:00:49","guid":{"rendered":"https:\/\/poiopescamarfs.es\/?p=7962"},"modified":"2025-08-15T13:23:21","modified_gmt":"2025-08-15T11:23:21","slug":"poio-e-futbol-sala","status":"publish","type":"post","link":"https:\/\/poiopescamarfs.es\/gl\/poio-e-futbol-sala\/","title":{"rendered":"Campa\u00f1a de abonados 2025 \/ 2026: Poio \u00e9 f\u00fatbol sala"},"content":{"rendered":"<p>[et_pb_section fb_built=&#8221;1&#8243; _builder_version=&#8221;4.9.7&#8243; _module_preset=&#8221;default&#8221;][et_pb_row _builder_version=&#8221;4.9.7&#8243; _module_preset=&#8221;default&#8221;][et_pb_column type=&#8221;4_4&#8243; _builder_version=&#8221;4.9.7&#8243; _module_preset=&#8221;default&#8221;][et_pb_text _builder_version=&#8221;4.9.7&#8243; _module_preset=&#8221;default&#8221;]<\/p>\n<p>Tras 28 anos de historia, con representaci\u00f3n na m\u00e1xima categor\u00eda do f\u00fatbol sala espa\u00f1ol de forma ininterrumpida dende 2013, todo o mundo ten que relacionar o concello de Poio con este gran deporte que \u00e9 el f\u00fatbol sala. Por iso, para a presente tempada, anunciamos unha campa\u00f1a de abonados enfocada nesta idea, cunha foto en cada unha das nosas cinco parroquias (hai unha un tanto lim\u00edtrofe), pois Poio alberga moitos valores a ter en conta cando se lle menciona e o noso club debe ser un deles. Co pavill\u00f3n da Seca como unha sexta parroquia, temos que lograr que os nosos veci\u00f1os e as nosas veci\u00f1as se sintan identificados co club, nos arroupen todav\u00eda m\u00e1is para poder alcanzar esas metas tan ambiciosas que queremos. Nada m\u00e1is e nada menos que conseguir t\u00edtulos a nivel nacional.<\/p>\n<p>[\/et_pb_text][et_pb_video src=&#8221;https:\/\/www.youtube.com\/watch?v=ug5bqjYOt74&#8243; _builder_version=&#8221;4.9.7&#8243; _module_preset=&#8221;default&#8221; hover_enabled=&#8221;0&#8243; sticky_enabled=&#8221;0&#8243;][\/et_pb_video][et_pb_text _builder_version=&#8221;4.9.7&#8243; _module_preset=&#8221;default&#8221;]<\/p>\n<p>Luis L\u00f3pez-Tulla estar\u00e1 \u00e1 fronte por cuarta campa\u00f1a consecutiva (r\u00e9cord dun adestrador en Primeira Divisi\u00f3n no noso club), para intentar regresar \u00f3 playoff pola liga que non puidemos alcanzar o ano pasado. O obxectivo deportivo non var\u00eda: estar na pelexa polos t\u00edtulos. Para iso tam\u00e9n chegaron un total de sete fichaxes: Yanira, Bravo, Noelia Montoro, Carolina Pedreira, D\u00e9bora, Zaide P\u00e9rez e Rafa Pato.<\/p>\n<p>Coa pretempada en marcha, o d\u00eda 30 de agosto ser\u00e1 a presentaci\u00f3n do equipo na Seca ante o Ourense FSF (amigable). A Primeira Divisi\u00f3n comezar\u00e1 unha semana despois, o 6 de setembro, no noso feudo contra o rec\u00e9n ascendido Penya Esplugues.<\/p>\n<p>En canto \u00f3 equipo masculino, que no curso anterior quedou \u00e1s portas dun hist\u00f3rico ascenso a Terceira Divisi\u00f3n, repite con Lin no banco para volver pelexar tan ansiado ascenso. O segundo posto ligueiro serviu para clasificarse por primeira vez \u00e1 Copa Galicia, un fito do que gozaremos o 31 de agosto en primeira rolda ante o Mar\u00edn Futsal. Todo un Derbi da R\u00eda que promete ser un gran comezo do ano deportivo.<\/p>\n<p>Todas as competici\u00f3ns de todos os nosos equipos estar\u00e1n \u00e1 vosa disposici\u00f3n mediante os seguintes abonos:<\/p>\n<ul>\n<li>Est\u00e1ndar: 30\u20ac. V\u00e1lido para unha persoa.<\/li>\n<li>Infantil: 10\u20ac. Para menores de 12 anos.<\/li>\n<li>Familiar: 60\u20ac. V\u00e1lido para tres persoas da mesma familia.<\/li>\n<\/ul>\n<p>&nbsp;<\/p>\n<p>Os carn\u00e9s poder\u00e1n solicitarse por email (info@poiopescamarfs.es) ou por Whatsapp (698 14 77 05). Calquera d\u00fabida responderase tam\u00e9n por esas v\u00edas ou contactando polas nosas diversas redes sociais.<\/p>\n<p>M\u00e1is que nunca, necesitamos que a Marea Vermella medre se queremos lograr os nosos obxectivos. Poio \u00e9 f\u00fatbol sala!<\/p>\n<p>[\/et_pb_text][\/et_pb_column][\/et_pb_row][\/et_pb_section]<\/p>\n","protected":false},"excerpt":{"rendered":"<p>[et_pb_section fb_built=&#8221;1&#8243; _builder_version=&#8221;4.9.7&#8243; _module_preset=&#8221;default&#8221;][et_pb_row _builder_version=&#8221;4.9.7&#8243; _module_preset=&#8221;default&#8221;][et_pb_column type=&#8221;4_4&#8243; _builder_version=&#8221;4.9.7&#8243; _module_preset=&#8221;default&#8221;][et_pb_text _builder_version=&#8221;4.9.7&#8243; _module_preset=&#8221;default&#8221;] Tras 28 anos de historia, con representaci\u00f3n na m\u00e1xima categor\u00eda do f\u00fatbol sala espa\u00f1ol de forma ininterrumpida dende 2013, todo o mundo ten que relacionar o concello de Poio con este gran deporte que \u00e9 el f\u00fatbol sala. Por iso, para a presente tempada, [&hellip;]<\/p>\n","protected":false},"author":3,"featured_media":8003,"comment_status":"closed","ping_status":"closed","sticky":false,"template":"","format":"standard","meta":{"_et_pb_use_builder":"on","_et_pb_old_content":"","_et_gb_content_width":""},"categories":[28],"tags":[172,327],"yoast_head":"<!-- This site is optimized with the Yoast SEO plugin v16.1.1 - https:\/\/yoast.com\/wordpress\/plugins\/seo\/ -->\n<title>Campa\u00f1a de abonados 2025 \/ 2026: Poio \u00e9 f\u00fatbol sala - Poio Pescamar FS<\/title>\n<meta name=\"description\" content=\"Nova tempada coas m\u00e1ximas aspiraci\u00f3ns a nivel nacional, coa mente posta en que Poio e o f\u00fatbol sala te\u00f1en que asociarse sempre.\" \/>\n<link rel=\"canonical\" href=\"https:\/\/poiopescamarfs.es\/gl\/poio-e-futbol-sala\/\" \/>\n<meta property=\"og:locale\" content=\"gl_ES\" \/>\n<meta property=\"og:type\" content=\"article\" \/>\n<meta property=\"og:title\" content=\"Campa\u00f1a de abonados 2025 \/ 2026: Poio \u00e9 f\u00fatbol sala - Poio Pescamar FS\" \/>\n<meta property=\"og:description\" content=\"Nova tempada coas m\u00e1ximas aspiraci\u00f3ns a nivel nacional, coa mente posta en que Poio e o f\u00fatbol sala te\u00f1en que asociarse sempre.\" \/>\n<meta property=\"og:url\" content=\"https:\/\/poiopescamarfs.es\/gl\/poio-e-futbol-sala\/\" \/>\n<meta property=\"og:site_name\" content=\"Poio Pescamar FS\" \/>\n<meta property=\"article:published_time\" content=\"2025-08-15T10:00:49+00:00\" \/>\n<meta property=\"article:modified_time\" content=\"2025-08-15T11:23:21+00:00\" \/>\n<meta property=\"og:image\" content=\"https:\/\/poiopescamarfs.es\/wp-content\/uploads\/2025\/08\/Imagen-de-Campana-en-gallego-solo-para-web.jpg\" \/>\n\t<meta property=\"og:image:width\" content=\"1080\" \/>\n\t<meta property=\"og:image:height\" content=\"1350\" \/>\n<meta name=\"twitter:card\" content=\"summary_large_image\" \/>\n<meta name=\"twitter:label1\" content=\"Tempo de lectura\">\n\t<meta name=\"twitter:data1\" content=\"3 minutos\">\n<script type=\"application\/ld+json\" class=\"yoast-schema-graph\">{\"@context\":\"https:\/\/schema.org\",\"@graph\":[{\"@type\":\"WebSite\",\"@id\":\"https:\/\/poiopescamarfs.es\/#website\",\"url\":\"https:\/\/poiopescamarfs.es\/\",\"name\":\"Poio Pescamar FS\",\"description\":\"\",\"potentialAction\":[{\"@type\":\"SearchAction\",\"target\":\"https:\/\/poiopescamarfs.es\/?s={search_term_string}\",\"query-input\":\"required name=search_term_string\"}],\"inLanguage\":\"gl-ES\"},{\"@type\":\"ImageObject\",\"@id\":\"https:\/\/poiopescamarfs.es\/gl\/poio-e-futbol-sala\/#primaryimage\",\"inLanguage\":\"gl-ES\",\"url\":\"https:\/\/poiopescamarfs.es\/wp-content\/uploads\/2025\/08\/Imagen-de-Campana-en-gallego-solo-para-web.jpg\",\"contentUrl\":\"https:\/\/poiopescamarfs.es\/wp-content\/uploads\/2025\/08\/Imagen-de-Campana-en-gallego-solo-para-web.jpg\",\"width\":1080,\"height\":1350},{\"@type\":\"WebPage\",\"@id\":\"https:\/\/poiopescamarfs.es\/gl\/poio-e-futbol-sala\/#webpage\",\"url\":\"https:\/\/poiopescamarfs.es\/gl\/poio-e-futbol-sala\/\",\"name\":\"Campa\\u00f1a de abonados 2025 \/ 2026: Poio \\u00e9 f\\u00fatbol sala - Poio Pescamar FS\",\"isPartOf\":{\"@id\":\"https:\/\/poiopescamarfs.es\/#website\"},\"primaryImageOfPage\":{\"@id\":\"https:\/\/poiopescamarfs.es\/gl\/poio-e-futbol-sala\/#primaryimage\"},\"datePublished\":\"2025-08-15T10:00:49+00:00\",\"dateModified\":\"2025-08-15T11:23:21+00:00\",\"author\":{\"@id\":\"https:\/\/poiopescamarfs.es\/#\/schema\/person\/bdec44600d63872753c3ba11ede1d589\"},\"description\":\"Nova tempada coas m\\u00e1ximas aspiraci\\u00f3ns a nivel nacional, coa mente posta en que Poio e o f\\u00fatbol sala te\\u00f1en que asociarse sempre.\",\"breadcrumb\":{\"@id\":\"https:\/\/poiopescamarfs.es\/gl\/poio-e-futbol-sala\/#breadcrumb\"},\"inLanguage\":\"gl-ES\",\"potentialAction\":[{\"@type\":\"ReadAction\",\"target\":[\"https:\/\/poiopescamarfs.es\/gl\/poio-e-futbol-sala\/\"]}]},{\"@type\":\"BreadcrumbList\",\"@id\":\"https:\/\/poiopescamarfs.es\/gl\/poio-e-futbol-sala\/#breadcrumb\",\"itemListElement\":[{\"@type\":\"ListItem\",\"position\":1,\"item\":{\"@type\":\"WebPage\",\"@id\":\"https:\/\/poiopescamarfs.es\/gl\/\",\"url\":\"https:\/\/poiopescamarfs.es\/gl\/\",\"name\":\"Home\"}},{\"@type\":\"ListItem\",\"position\":2,\"item\":{\"@type\":\"WebPage\",\"@id\":\"https:\/\/poiopescamarfs.es\/gl\/poio-e-futbol-sala\/\",\"url\":\"https:\/\/poiopescamarfs.es\/gl\/poio-e-futbol-sala\/\",\"name\":\"Campa\\u00f1a de abonados 2025 \/ 2026: Poio \\u00e9 f\\u00fatbol sala\"}}]},{\"@type\":\"Person\",\"@id\":\"https:\/\/poiopescamarfs.es\/#\/schema\/person\/bdec44600d63872753c3ba11ede1d589\",\"name\":\"poiopescamarfs@gmail.com\",\"image\":{\"@type\":\"ImageObject\",\"@id\":\"https:\/\/poiopescamarfs.es\/#personlogo\",\"inLanguage\":\"gl-ES\",\"url\":\"https:\/\/secure.gravatar.com\/avatar\/b2498e234218a28ef967fdbe4a21ae1f?s=96&d=mm&r=g\",\"contentUrl\":\"https:\/\/secure.gravatar.com\/avatar\/b2498e234218a28ef967fdbe4a21ae1f?s=96&d=mm&r=g\",\"caption\":\"poiopescamarfs@gmail.com\"}}]}<\/script>\n<!-- \/ Yoast SEO plugin. -->","_links":{"self":[{"href":"https:\/\/poiopescamarfs.es\/gl\/wp-json\/wp\/v2\/posts\/7962"}],"collection":[{"href":"https:\/\/poiopescamarfs.es\/gl\/wp-json\/wp\/v2\/posts"}],"about":[{"href":"https:\/\/poiopescamarfs.es\/gl\/wp-json\/wp\/v2\/types\/post"}],"author":[{"embeddable":true,"href":"https:\/\/poiopescamarfs.es\/gl\/wp-json\/wp\/v2\/users\/3"}],"replies":[{"embeddable":true,"href":"https:\/\/poiopescamarfs.es\/gl\/wp-json\/wp\/v2\/comments?post=7962"}],"version-history":[{"count":7,"href":"https:\/\/poiopescamarfs.es\/gl\/wp-json\/wp\/v2\/posts\/7962\/revisions"}],"predecessor-version":[{"id":8009,"href":"https:\/\/poiopescamarfs.es\/gl\/wp-json\/wp\/v2\/posts\/7962\/revisions\/8009"}],"wp:featuredmedia":[{"embeddable":true,"href":"https:\/\/poiopescamarfs.es\/gl\/wp-json\/wp\/v2\/media\/8003"}],"wp:attachment":[{"href":"https:\/\/poiopescamarfs.es\/gl\/wp-json\/wp\/v2\/media?parent=7962"}],"wp:term":[{"taxonomy":"category","embeddable":true,"href":"https:\/\/poiopescamarfs.es\/gl\/wp-json\/wp\/v2\/categories?post=7962"},{"taxonomy":"post_tag","embeddable":true,"href":"https:\/\/poiopescamarfs.es\/gl\/wp-json\/wp\/v2\/tags?post=7962"}],"curies":[{"name":"wp","href":"https:\/\/api.w.org\/{rel}","templated":true}]}}