{"id":8028,"date":"2025-08-24T16:46:58","date_gmt":"2025-08-24T14:46:58","guid":{"rendered":"https:\/\/poiopescamarfs.es\/?p=8028"},"modified":"2025-08-24T16:50:31","modified_gmt":"2025-08-24T14:50:31","slug":"primeira-convocatoria-seleccion-martita-2025-2026","status":"publish","type":"post","link":"https:\/\/poiopescamarfs.es\/gl\/primeira-convocatoria-seleccion-martita-2025-2026\/","title":{"rendered":"R\u00e9cord de internacionais conserveiras tras a citaci\u00f3n de Martita"},"content":{"rendered":"<p>Tras unha primeira semana de concentraci\u00f3n da Selecci\u00f3n Espa\u00f1ola, en cuxas filas xa estaban Elena, Ale de Paz e Noelia Montoro, agora <a href=\"https:\/\/rfef.es\/es\/noticias\/cambios-en-la-convocatoria-de-claudia-pons-para-los-partidos-ante-marruecos\">\u00e9 o turno de que se una Martita<\/a>. A peche coru\u00f1esa viaxar\u00e1 este domingo a Madrid e, posteriormente, a Rabat, para enfrontarse a Marrocos (campioa de \u00c1frica) en dous duelos amigables.<\/p>\n<p>Para Martita sup\u00f3n regresar \u00e1 selecci\u00f3n absoluta tras <a href=\"https:\/\/rfef.es\/es\/noticias\/oficial-claudia-pons-da-la-lista-para-los-amistosos-ante-japon\">debutar en novembro de 2022<\/a> e sumar, a continuaci\u00f3n, catro chamadas consecutivas (de feito, na \u00faltima, en <a href=\"https:\/\/rfef.es\/es\/noticias\/oficial-claudia-pons-da-la-convocatoria-para-los-amistosos-ante-argentina\">febreiro de 2023<\/a>, foi parte do <a href=\"https:\/\/poiopescamarfs.es\/gl\/sandra-buzon-seleccion-espanola\/\">r\u00e9cord do noso club con cinco internacionais<\/a>, tres con Espa\u00f1a e d\u00faas con Arxentina). Ademais, na tempada pasada, <a href=\"https:\/\/rfef.es\/es\/noticias\/jordi-gay-da-la-primera-lista-de-la-seleccion-sub-23-femenina\">participou na primeira convocatoria da sub-23<\/a>, de nova creaci\u00f3n.<\/p>\n<p>Para a entidade vermella, esta noticia implica bater dous r\u00e9cords:<\/p>\n<ul>\n<li>O de m\u00e1is futbolistas nunha convocatoria coa Selecci\u00f3n Espa\u00f1ola: catro, superando as tres que mencionamos antes e entre as que precisamente estaba Martita.<\/li>\n<li>Equipo m\u00e1is representado nunha convocatoria de Espa\u00f1a. Antes da chamada de Martita, igual\u00e1bamos con Rold\u00e1n e Futsi aportando tres xogadoras, o que de por si era destacable. Agora, a marca \u00e9 en solitario.<\/li>\n<\/ul>\n<p>&nbsp;<\/p>\n<p>Sen d\u00fabida, o crecemento e a aposta do club por mellorar segue dando froitos e o traballo vese recompensado incluso a nivel nacional. \u00a1<a href=\"https:\/\/www.youtube.com\/shorts\/ug5bqjYOt74\">Poio \u00e9 f\u00fatbol sala<\/a>!<\/p>\n","protected":false},"excerpt":{"rendered":"<p>Tras unha primeira semana de concentraci\u00f3n da Selecci\u00f3n Espa\u00f1ola, en cuxas filas xa estaban Elena, Ale de Paz e Noelia Montoro, agora \u00e9 o turno de que se una Martita. A peche coru\u00f1esa viaxar\u00e1 este domingo a Madrid e, posteriormente, a Rabat, para enfrontarse a Marrocos (campioa de \u00c1frica) en dous duelos amigables. Para Martita [&hellip;]<\/p>\n","protected":false},"author":3,"featured_media":8029,"comment_status":"closed","ping_status":"closed","sticky":false,"template":"","format":"standard","meta":{"_et_pb_use_builder":"","_et_pb_old_content":"","_et_gb_content_width":""},"categories":[28],"tags":[146,136],"yoast_head":"<!-- This site is optimized with the Yoast SEO plugin v16.1.1 - https:\/\/yoast.com\/wordpress\/plugins\/seo\/ -->\n<title>R\u00e9cord de internacionais conserveiras tras a citaci\u00f3n de Martita - Poio Pescamar FS<\/title>\n<meta name=\"description\" content=\"Con catro xogadoras do noso club na selecci\u00f3n, somos o equipo m\u00e1is representado nela e \u00e9 o noso particular r\u00e9cord.\" \/>\n<link rel=\"canonical\" href=\"https:\/\/poiopescamarfs.es\/gl\/primeira-convocatoria-seleccion-martita-2025-2026\/\" \/>\n<meta property=\"og:locale\" content=\"gl_ES\" \/>\n<meta property=\"og:type\" content=\"article\" \/>\n<meta property=\"og:title\" content=\"R\u00e9cord de internacionais conserveiras tras a citaci\u00f3n de Martita - Poio Pescamar FS\" \/>\n<meta property=\"og:description\" content=\"Con catro xogadoras do noso club na selecci\u00f3n, somos o equipo m\u00e1is representado nela e \u00e9 o noso particular r\u00e9cord.\" \/>\n<meta property=\"og:url\" content=\"https:\/\/poiopescamarfs.es\/gl\/primeira-convocatoria-seleccion-martita-2025-2026\/\" \/>\n<meta property=\"og:site_name\" content=\"Poio Pescamar FS\" \/>\n<meta property=\"article:published_time\" content=\"2025-08-24T14:46:58+00:00\" \/>\n<meta property=\"article:modified_time\" content=\"2025-08-24T14:50:31+00:00\" \/>\n<meta property=\"og:image\" content=\"https:\/\/poiopescamarfs.es\/wp-content\/uploads\/2025\/08\/Primera-convocatoria-pero-mas-tarde.jpg\" \/>\n\t<meta property=\"og:image:width\" content=\"1080\" \/>\n\t<meta property=\"og:image:height\" content=\"1350\" \/>\n<meta name=\"twitter:card\" content=\"summary_large_image\" \/>\n<meta name=\"twitter:label1\" content=\"Tempo de lectura\">\n\t<meta name=\"twitter:data1\" content=\"1 minuto\">\n<script type=\"application\/ld+json\" class=\"yoast-schema-graph\">{\"@context\":\"https:\/\/schema.org\",\"@graph\":[{\"@type\":\"WebSite\",\"@id\":\"https:\/\/poiopescamarfs.es\/#website\",\"url\":\"https:\/\/poiopescamarfs.es\/\",\"name\":\"Poio Pescamar FS\",\"description\":\"\",\"potentialAction\":[{\"@type\":\"SearchAction\",\"target\":\"https:\/\/poiopescamarfs.es\/?s={search_term_string}\",\"query-input\":\"required name=search_term_string\"}],\"inLanguage\":\"gl-ES\"},{\"@type\":\"ImageObject\",\"@id\":\"https:\/\/poiopescamarfs.es\/gl\/primeira-convocatoria-seleccion-martita-2025-2026\/#primaryimage\",\"inLanguage\":\"gl-ES\",\"url\":\"https:\/\/poiopescamarfs.es\/wp-content\/uploads\/2025\/08\/Primera-convocatoria-pero-mas-tarde.jpg\",\"contentUrl\":\"https:\/\/poiopescamarfs.es\/wp-content\/uploads\/2025\/08\/Primera-convocatoria-pero-mas-tarde.jpg\",\"width\":1080,\"height\":1350},{\"@type\":\"WebPage\",\"@id\":\"https:\/\/poiopescamarfs.es\/gl\/primeira-convocatoria-seleccion-martita-2025-2026\/#webpage\",\"url\":\"https:\/\/poiopescamarfs.es\/gl\/primeira-convocatoria-seleccion-martita-2025-2026\/\",\"name\":\"R\\u00e9cord de internacionais conserveiras tras a citaci\\u00f3n de Martita - Poio Pescamar FS\",\"isPartOf\":{\"@id\":\"https:\/\/poiopescamarfs.es\/#website\"},\"primaryImageOfPage\":{\"@id\":\"https:\/\/poiopescamarfs.es\/gl\/primeira-convocatoria-seleccion-martita-2025-2026\/#primaryimage\"},\"datePublished\":\"2025-08-24T14:46:58+00:00\",\"dateModified\":\"2025-08-24T14:50:31+00:00\",\"author\":{\"@id\":\"https:\/\/poiopescamarfs.es\/#\/schema\/person\/bdec44600d63872753c3ba11ede1d589\"},\"description\":\"Con catro xogadoras do noso club na selecci\\u00f3n, somos o equipo m\\u00e1is representado nela e \\u00e9 o noso particular r\\u00e9cord.\",\"breadcrumb\":{\"@id\":\"https:\/\/poiopescamarfs.es\/gl\/primeira-convocatoria-seleccion-martita-2025-2026\/#breadcrumb\"},\"inLanguage\":\"gl-ES\",\"potentialAction\":[{\"@type\":\"ReadAction\",\"target\":[\"https:\/\/poiopescamarfs.es\/gl\/primeira-convocatoria-seleccion-martita-2025-2026\/\"]}]},{\"@type\":\"BreadcrumbList\",\"@id\":\"https:\/\/poiopescamarfs.es\/gl\/primeira-convocatoria-seleccion-martita-2025-2026\/#breadcrumb\",\"itemListElement\":[{\"@type\":\"ListItem\",\"position\":1,\"item\":{\"@type\":\"WebPage\",\"@id\":\"https:\/\/poiopescamarfs.es\/gl\/\",\"url\":\"https:\/\/poiopescamarfs.es\/gl\/\",\"name\":\"Home\"}},{\"@type\":\"ListItem\",\"position\":2,\"item\":{\"@type\":\"WebPage\",\"@id\":\"https:\/\/poiopescamarfs.es\/gl\/primeira-convocatoria-seleccion-martita-2025-2026\/\",\"url\":\"https:\/\/poiopescamarfs.es\/gl\/primeira-convocatoria-seleccion-martita-2025-2026\/\",\"name\":\"R\\u00e9cord de internacionais conserveiras tras a citaci\\u00f3n de Martita\"}}]},{\"@type\":\"Person\",\"@id\":\"https:\/\/poiopescamarfs.es\/#\/schema\/person\/bdec44600d63872753c3ba11ede1d589\",\"name\":\"poiopescamarfs@gmail.com\",\"image\":{\"@type\":\"ImageObject\",\"@id\":\"https:\/\/poiopescamarfs.es\/#personlogo\",\"inLanguage\":\"gl-ES\",\"url\":\"https:\/\/secure.gravatar.com\/avatar\/b2498e234218a28ef967fdbe4a21ae1f?s=96&d=mm&r=g\",\"contentUrl\":\"https:\/\/secure.gravatar.com\/avatar\/b2498e234218a28ef967fdbe4a21ae1f?s=96&d=mm&r=g\",\"caption\":\"poiopescamarfs@gmail.com\"}}]}<\/script>\n<!-- \/ Yoast SEO plugin. -->","_links":{"self":[{"href":"https:\/\/poiopescamarfs.es\/gl\/wp-json\/wp\/v2\/posts\/8028"}],"collection":[{"href":"https:\/\/poiopescamarfs.es\/gl\/wp-json\/wp\/v2\/posts"}],"about":[{"href":"https:\/\/poiopescamarfs.es\/gl\/wp-json\/wp\/v2\/types\/post"}],"author":[{"embeddable":true,"href":"https:\/\/poiopescamarfs.es\/gl\/wp-json\/wp\/v2\/users\/3"}],"replies":[{"embeddable":true,"href":"https:\/\/poiopescamarfs.es\/gl\/wp-json\/wp\/v2\/comments?post=8028"}],"version-history":[{"count":2,"href":"https:\/\/poiopescamarfs.es\/gl\/wp-json\/wp\/v2\/posts\/8028\/revisions"}],"predecessor-version":[{"id":8035,"href":"https:\/\/poiopescamarfs.es\/gl\/wp-json\/wp\/v2\/posts\/8028\/revisions\/8035"}],"wp:featuredmedia":[{"embeddable":true,"href":"https:\/\/poiopescamarfs.es\/gl\/wp-json\/wp\/v2\/media\/8029"}],"wp:attachment":[{"href":"https:\/\/poiopescamarfs.es\/gl\/wp-json\/wp\/v2\/media?parent=8028"}],"wp:term":[{"taxonomy":"category","embeddable":true,"href":"https:\/\/poiopescamarfs.es\/gl\/wp-json\/wp\/v2\/categories?post=8028"},{"taxonomy":"post_tag","embeddable":true,"href":"https:\/\/poiopescamarfs.es\/gl\/wp-json\/wp\/v2\/tags?post=8028"}],"curies":[{"name":"wp","href":"https:\/\/api.w.org\/{rel}","templated":true}]}}