{"id":8057,"date":"2025-09-02T19:24:01","date_gmt":"2025-09-02T17:24:01","guid":{"rendered":"https:\/\/poiopescamarfs.es\/?p=8057"},"modified":"2025-09-02T19:32:14","modified_gmt":"2025-09-02T17:32:14","slug":"capitas-2025-2026","status":"publish","type":"post","link":"https:\/\/poiopescamarfs.es\/gl\/capitas-2025-2026\/","title":{"rendered":"Capit\u00e1s da tempada 2025 \/ 2026"},"content":{"rendered":"<p>A nova campa\u00f1a de liga en Primeira Divisi\u00f3n comezar\u00e1 este s\u00e1bado na Seca (contra o Penya Esplugues \u00e1s 18h). Ante este inminente acontecemento e unha vez regresaron as internacionais dos seus compromisos coa selecci\u00f3n, design\u00e1ronse as seguintes capit\u00e1s no vestiario vermello:<\/p>\n<ul>\n<li>Ale de Paz: a nedense converteuse na l\u00edder principal do equipo. Esta ser\u00e1 a s\u00faa terceira tempada seguida e a s\u00e9tima en total nas nosas filas. Campiona de tres das catro Copas Galicia do club, \u00e9 a futbolista con m\u00e1is t\u00edtulos coa entidade poiense. Ademais, \u00e9 dobre vencedora da Eurocopa. Sen d\u00fabida, unha aut\u00e9ntica lenda na Seca, con m\u00e1is de 200 encontros defendendo a camiseta conserveira.<\/li>\n<li>Martita: quinto curso en Poio para a peche coru\u00f1esa, que por terceira vez repite entre as capit\u00e1s. Acumula 136 partidos disputados co club, 109 siendo titular. Tam\u00e9n marcou 22 goles e repartiu 15 asistencias.<\/li>\n<li>Elena: \u00f3 igual que Ale de Paz, accede \u00e1 capitan\u00eda por primeira vez (sustit\u00faen a <a href=\"https:\/\/poiopescamarfs.es\/gl\/capitas-2024-2025\/\">Irene Garc\u00eda<\/a> e a <a href=\"https:\/\/poiopescamarfs.es\/gl\/capitas-2023-2024\/\">Elena Arag\u00f3n<\/a>, l\u00edderes xunto a Martita nas d\u00faas campa\u00f1as anteriores). Este ser\u00e1 o seu cuarto ano en Poio. Acumula 77 duelos disputados, 70 como titular, recibindo 125 goles. Incluso anotou 1 e deu 3 asistencias.<\/li>\n<\/ul>\n<p>En caso de ausencia destas tres xogadoras, xa que son habituais da Selecci\u00f3n Espa\u00f1ola, a capitan\u00eda residir\u00e1 en mans de Chuli.<\/p>\n<p>Pechamos a noticia lembrando que a <a href=\"https:\/\/poiopescamarfs.es\/gl\/poio-e-futbol-sala\/\">campa\u00f1a de abonados est\u00e1 no seu momento culmen<\/a>. Podedes ver toda a Primeira Divisi\u00f3n no pavill\u00f3n da Seca, as\u00ed como os restantes partidos doutros equipos do club, solicitando o carn\u00e9 a trav\u00e9s do n\u00famero 698 14 77 05 ou escribindo a info@poiopescamarfs.es.<\/p>\n","protected":false},"excerpt":{"rendered":"<p>A nova campa\u00f1a de liga en Primeira Divisi\u00f3n comezar\u00e1 este s\u00e1bado na Seca (contra o Penya Esplugues \u00e1s 18h). Ante este inminente acontecemento e unha vez regresaron as internacionais dos seus compromisos coa selecci\u00f3n, design\u00e1ronse as seguintes capit\u00e1s no vestiario vermello: Ale de Paz: a nedense converteuse na l\u00edder principal do equipo. Esta ser\u00e1 a [&hellip;]<\/p>\n","protected":false},"author":3,"featured_media":8059,"comment_status":"closed","ping_status":"closed","sticky":false,"template":"","format":"standard","meta":{"_et_pb_use_builder":"","_et_pb_old_content":"","_et_gb_content_width":""},"categories":[28],"tags":[205,282,123,146,327],"yoast_head":"<!-- This site is optimized with the Yoast SEO plugin v16.1.1 - https:\/\/yoast.com\/wordpress\/plugins\/seo\/ -->\n<title>Capit\u00e1s da tempada 2025 \/ 2026 - Poio Pescamar FS<\/title>\n<meta name=\"description\" content=\"Tralas sa\u00eddas de Irene Garc\u00eda e Elena Arag\u00f3n, son agora Ale de Paz e Elena as capit\u00e1s do equipo xunto a Martita.\" \/>\n<link rel=\"canonical\" href=\"https:\/\/poiopescamarfs.es\/gl\/capitas-2025-2026\/\" \/>\n<meta property=\"og:locale\" content=\"gl_ES\" \/>\n<meta property=\"og:type\" content=\"article\" \/>\n<meta property=\"og:title\" content=\"Capit\u00e1s da tempada 2025 \/ 2026 - Poio Pescamar FS\" \/>\n<meta property=\"og:description\" content=\"Tralas sa\u00eddas de Irene Garc\u00eda e Elena Arag\u00f3n, son agora Ale de Paz e Elena as capit\u00e1s do equipo xunto a Martita.\" \/>\n<meta property=\"og:url\" content=\"https:\/\/poiopescamarfs.es\/gl\/capitas-2025-2026\/\" \/>\n<meta property=\"og:site_name\" content=\"Poio Pescamar FS\" \/>\n<meta property=\"article:published_time\" content=\"2025-09-02T17:24:01+00:00\" \/>\n<meta property=\"article:modified_time\" content=\"2025-09-02T17:32:14+00:00\" \/>\n<meta property=\"og:image\" content=\"https:\/\/poiopescamarfs.es\/wp-content\/uploads\/2025\/09\/20250902_172014-scaled.jpg\" \/>\n\t<meta property=\"og:image:width\" content=\"2560\" \/>\n\t<meta property=\"og:image:height\" content=\"1440\" \/>\n<meta name=\"twitter:card\" content=\"summary_large_image\" \/>\n<meta name=\"twitter:label1\" content=\"Tempo de lectura\">\n\t<meta name=\"twitter:data1\" content=\"2 minutos\">\n<script type=\"application\/ld+json\" class=\"yoast-schema-graph\">{\"@context\":\"https:\/\/schema.org\",\"@graph\":[{\"@type\":\"WebSite\",\"@id\":\"https:\/\/poiopescamarfs.es\/#website\",\"url\":\"https:\/\/poiopescamarfs.es\/\",\"name\":\"Poio Pescamar FS\",\"description\":\"\",\"potentialAction\":[{\"@type\":\"SearchAction\",\"target\":\"https:\/\/poiopescamarfs.es\/?s={search_term_string}\",\"query-input\":\"required name=search_term_string\"}],\"inLanguage\":\"gl-ES\"},{\"@type\":\"ImageObject\",\"@id\":\"https:\/\/poiopescamarfs.es\/gl\/capitas-2025-2026\/#primaryimage\",\"inLanguage\":\"gl-ES\",\"url\":\"https:\/\/poiopescamarfs.es\/wp-content\/uploads\/2025\/09\/20250902_172014-scaled.jpg\",\"contentUrl\":\"https:\/\/poiopescamarfs.es\/wp-content\/uploads\/2025\/09\/20250902_172014-scaled.jpg\",\"width\":2560,\"height\":1440},{\"@type\":\"WebPage\",\"@id\":\"https:\/\/poiopescamarfs.es\/gl\/capitas-2025-2026\/#webpage\",\"url\":\"https:\/\/poiopescamarfs.es\/gl\/capitas-2025-2026\/\",\"name\":\"Capit\\u00e1s da tempada 2025 \/ 2026 - Poio Pescamar FS\",\"isPartOf\":{\"@id\":\"https:\/\/poiopescamarfs.es\/#website\"},\"primaryImageOfPage\":{\"@id\":\"https:\/\/poiopescamarfs.es\/gl\/capitas-2025-2026\/#primaryimage\"},\"datePublished\":\"2025-09-02T17:24:01+00:00\",\"dateModified\":\"2025-09-02T17:32:14+00:00\",\"author\":{\"@id\":\"https:\/\/poiopescamarfs.es\/#\/schema\/person\/bdec44600d63872753c3ba11ede1d589\"},\"description\":\"Tralas sa\\u00eddas de Irene Garc\\u00eda e Elena Arag\\u00f3n, son agora Ale de Paz e Elena as capit\\u00e1s do equipo xunto a Martita.\",\"breadcrumb\":{\"@id\":\"https:\/\/poiopescamarfs.es\/gl\/capitas-2025-2026\/#breadcrumb\"},\"inLanguage\":\"gl-ES\",\"potentialAction\":[{\"@type\":\"ReadAction\",\"target\":[\"https:\/\/poiopescamarfs.es\/gl\/capitas-2025-2026\/\"]}]},{\"@type\":\"BreadcrumbList\",\"@id\":\"https:\/\/poiopescamarfs.es\/gl\/capitas-2025-2026\/#breadcrumb\",\"itemListElement\":[{\"@type\":\"ListItem\",\"position\":1,\"item\":{\"@type\":\"WebPage\",\"@id\":\"https:\/\/poiopescamarfs.es\/gl\/\",\"url\":\"https:\/\/poiopescamarfs.es\/gl\/\",\"name\":\"Home\"}},{\"@type\":\"ListItem\",\"position\":2,\"item\":{\"@type\":\"WebPage\",\"@id\":\"https:\/\/poiopescamarfs.es\/gl\/capitas-2025-2026\/\",\"url\":\"https:\/\/poiopescamarfs.es\/gl\/capitas-2025-2026\/\",\"name\":\"Capit\\u00e1s da tempada 2025 \/ 2026\"}}]},{\"@type\":\"Person\",\"@id\":\"https:\/\/poiopescamarfs.es\/#\/schema\/person\/bdec44600d63872753c3ba11ede1d589\",\"name\":\"poiopescamarfs@gmail.com\",\"image\":{\"@type\":\"ImageObject\",\"@id\":\"https:\/\/poiopescamarfs.es\/#personlogo\",\"inLanguage\":\"gl-ES\",\"url\":\"https:\/\/secure.gravatar.com\/avatar\/b2498e234218a28ef967fdbe4a21ae1f?s=96&d=mm&r=g\",\"contentUrl\":\"https:\/\/secure.gravatar.com\/avatar\/b2498e234218a28ef967fdbe4a21ae1f?s=96&d=mm&r=g\",\"caption\":\"poiopescamarfs@gmail.com\"}}]}<\/script>\n<!-- \/ Yoast SEO plugin. -->","_links":{"self":[{"href":"https:\/\/poiopescamarfs.es\/gl\/wp-json\/wp\/v2\/posts\/8057"}],"collection":[{"href":"https:\/\/poiopescamarfs.es\/gl\/wp-json\/wp\/v2\/posts"}],"about":[{"href":"https:\/\/poiopescamarfs.es\/gl\/wp-json\/wp\/v2\/types\/post"}],"author":[{"embeddable":true,"href":"https:\/\/poiopescamarfs.es\/gl\/wp-json\/wp\/v2\/users\/3"}],"replies":[{"embeddable":true,"href":"https:\/\/poiopescamarfs.es\/gl\/wp-json\/wp\/v2\/comments?post=8057"}],"version-history":[{"count":1,"href":"https:\/\/poiopescamarfs.es\/gl\/wp-json\/wp\/v2\/posts\/8057\/revisions"}],"predecessor-version":[{"id":8062,"href":"https:\/\/poiopescamarfs.es\/gl\/wp-json\/wp\/v2\/posts\/8057\/revisions\/8062"}],"wp:featuredmedia":[{"embeddable":true,"href":"https:\/\/poiopescamarfs.es\/gl\/wp-json\/wp\/v2\/media\/8059"}],"wp:attachment":[{"href":"https:\/\/poiopescamarfs.es\/gl\/wp-json\/wp\/v2\/media?parent=8057"}],"wp:term":[{"taxonomy":"category","embeddable":true,"href":"https:\/\/poiopescamarfs.es\/gl\/wp-json\/wp\/v2\/categories?post=8057"},{"taxonomy":"post_tag","embeddable":true,"href":"https:\/\/poiopescamarfs.es\/gl\/wp-json\/wp\/v2\/tags?post=8057"}],"curies":[{"name":"wp","href":"https:\/\/api.w.org\/{rel}","templated":true}]}}