{"id":8146,"date":"2025-09-29T16:15:36","date_gmt":"2025-09-29T14:15:36","guid":{"rendered":"https:\/\/poiopescamarfs.es\/?p=8146"},"modified":"2025-09-29T16:15:36","modified_gmt":"2025-09-29T14:15:36","slug":"terceira-convocatoria-seleccion-2025-2026","status":"publish","type":"post","link":"https:\/\/poiopescamarfs.es\/gl\/terceira-convocatoria-seleccion-2025-2026\/","title":{"rendered":"Terceira convocatoria de Espa\u00f1a e tres conserveiras est\u00e1n nela"},"content":{"rendered":"<p>A seleccionadora espa\u00f1ola, Cl\u00e0udia Pons, publicou hoxe luns a <a href=\"https:\/\/rfef.es\/es\/noticias\/claudia-poins-da-la-lista-para-los-amistosos-ante-portugal\">terceira lista da tempada<\/a>, cando a presenza do mundial faise cada vez maior, posto que restan menos de dous meses para que d\u00e9 comezo. Entre as chamadas est\u00e1n tres conserveiras: Ale de Paz, Elena e Martita.<\/p>\n<p>O combinado espa\u00f1ol concentrarase a partir do domingo 5 de outubro e disputar\u00e1 dous partidos amigables contra Portugal: un en Vilalba (martes 7) e outro en As Pontes (m\u00e9rcores 8).<\/p>\n<p>Polo momento, as tres xogadoras vermellas formaron parte de todas as concentraci\u00f3ns con Espa\u00f1a da presente campa\u00f1a.<\/p>\n","protected":false},"excerpt":{"rendered":"<p>A seleccionadora espa\u00f1ola, Cl\u00e0udia Pons, publicou hoxe luns a terceira lista da tempada, cando a presenza do mundial faise cada vez maior, posto que restan menos de dous meses para que d\u00e9 comezo. Entre as chamadas est\u00e1n tres conserveiras: Ale de Paz, Elena e Martita. O combinado espa\u00f1ol concentrarase a partir do domingo 5 de [&hellip;]<\/p>\n","protected":false},"author":3,"featured_media":8147,"comment_status":"closed","ping_status":"closed","sticky":false,"template":"","format":"standard","meta":{"_et_pb_use_builder":"","_et_pb_old_content":"","_et_gb_content_width":""},"categories":[28],"tags":[205,123,146,136],"yoast_head":"<!-- This site is optimized with the Yoast SEO plugin v16.1.1 - https:\/\/yoast.com\/wordpress\/plugins\/seo\/ -->\n<title>Terceira convocatoria de Espa\u00f1a e tres conserveiras est\u00e1n nela - Poio Pescamar FS<\/title>\n<meta name=\"description\" content=\"Co mundial a menos de dous meses, Cl\u00e0udia Pons d\u00e1 a terceira lista da Selecci\u00f3n Espa\u00f1ola, con tres xogadoras vermellas nela.\" \/>\n<link rel=\"canonical\" href=\"https:\/\/poiopescamarfs.es\/gl\/terceira-convocatoria-seleccion-2025-2026\/\" \/>\n<meta property=\"og:locale\" content=\"gl_ES\" \/>\n<meta property=\"og:type\" content=\"article\" \/>\n<meta property=\"og:title\" content=\"Terceira convocatoria de Espa\u00f1a e tres conserveiras est\u00e1n nela - Poio Pescamar FS\" \/>\n<meta property=\"og:description\" content=\"Co mundial a menos de dous meses, Cl\u00e0udia Pons d\u00e1 a terceira lista da Selecci\u00f3n Espa\u00f1ola, con tres xogadoras vermellas nela.\" \/>\n<meta property=\"og:url\" content=\"https:\/\/poiopescamarfs.es\/gl\/terceira-convocatoria-seleccion-2025-2026\/\" \/>\n<meta property=\"og:site_name\" content=\"Poio Pescamar FS\" \/>\n<meta property=\"article:published_time\" content=\"2025-09-29T14:15:36+00:00\" \/>\n<meta property=\"og:image\" content=\"https:\/\/poiopescamarfs.es\/wp-content\/uploads\/2025\/09\/Tercera-convocatoria-Espana.jpg\" \/>\n\t<meta property=\"og:image:width\" content=\"1080\" \/>\n\t<meta property=\"og:image:height\" content=\"1350\" \/>\n<meta name=\"twitter:card\" content=\"summary_large_image\" \/>\n<meta name=\"twitter:label1\" content=\"Tempo de lectura\">\n\t<meta name=\"twitter:data1\" content=\"1 minuto\">\n<script type=\"application\/ld+json\" class=\"yoast-schema-graph\">{\"@context\":\"https:\/\/schema.org\",\"@graph\":[{\"@type\":\"WebSite\",\"@id\":\"https:\/\/poiopescamarfs.es\/#website\",\"url\":\"https:\/\/poiopescamarfs.es\/\",\"name\":\"Poio Pescamar FS\",\"description\":\"\",\"potentialAction\":[{\"@type\":\"SearchAction\",\"target\":\"https:\/\/poiopescamarfs.es\/?s={search_term_string}\",\"query-input\":\"required name=search_term_string\"}],\"inLanguage\":\"gl-ES\"},{\"@type\":\"ImageObject\",\"@id\":\"https:\/\/poiopescamarfs.es\/gl\/terceira-convocatoria-seleccion-2025-2026\/#primaryimage\",\"inLanguage\":\"gl-ES\",\"url\":\"https:\/\/poiopescamarfs.es\/wp-content\/uploads\/2025\/09\/Tercera-convocatoria-Espana.jpg\",\"contentUrl\":\"https:\/\/poiopescamarfs.es\/wp-content\/uploads\/2025\/09\/Tercera-convocatoria-Espana.jpg\",\"width\":1080,\"height\":1350},{\"@type\":\"WebPage\",\"@id\":\"https:\/\/poiopescamarfs.es\/gl\/terceira-convocatoria-seleccion-2025-2026\/#webpage\",\"url\":\"https:\/\/poiopescamarfs.es\/gl\/terceira-convocatoria-seleccion-2025-2026\/\",\"name\":\"Terceira convocatoria de Espa\\u00f1a e tres conserveiras est\\u00e1n nela - Poio Pescamar FS\",\"isPartOf\":{\"@id\":\"https:\/\/poiopescamarfs.es\/#website\"},\"primaryImageOfPage\":{\"@id\":\"https:\/\/poiopescamarfs.es\/gl\/terceira-convocatoria-seleccion-2025-2026\/#primaryimage\"},\"datePublished\":\"2025-09-29T14:15:36+00:00\",\"dateModified\":\"2025-09-29T14:15:36+00:00\",\"author\":{\"@id\":\"https:\/\/poiopescamarfs.es\/#\/schema\/person\/bdec44600d63872753c3ba11ede1d589\"},\"description\":\"Co mundial a menos de dous meses, Cl\\u00e0udia Pons d\\u00e1 a terceira lista da Selecci\\u00f3n Espa\\u00f1ola, con tres xogadoras vermellas nela.\",\"breadcrumb\":{\"@id\":\"https:\/\/poiopescamarfs.es\/gl\/terceira-convocatoria-seleccion-2025-2026\/#breadcrumb\"},\"inLanguage\":\"gl-ES\",\"potentialAction\":[{\"@type\":\"ReadAction\",\"target\":[\"https:\/\/poiopescamarfs.es\/gl\/terceira-convocatoria-seleccion-2025-2026\/\"]}]},{\"@type\":\"BreadcrumbList\",\"@id\":\"https:\/\/poiopescamarfs.es\/gl\/terceira-convocatoria-seleccion-2025-2026\/#breadcrumb\",\"itemListElement\":[{\"@type\":\"ListItem\",\"position\":1,\"item\":{\"@type\":\"WebPage\",\"@id\":\"https:\/\/poiopescamarfs.es\/gl\/\",\"url\":\"https:\/\/poiopescamarfs.es\/gl\/\",\"name\":\"Home\"}},{\"@type\":\"ListItem\",\"position\":2,\"item\":{\"@type\":\"WebPage\",\"@id\":\"https:\/\/poiopescamarfs.es\/gl\/terceira-convocatoria-seleccion-2025-2026\/\",\"url\":\"https:\/\/poiopescamarfs.es\/gl\/terceira-convocatoria-seleccion-2025-2026\/\",\"name\":\"Terceira convocatoria de Espa\\u00f1a e tres conserveiras est\\u00e1n nela\"}}]},{\"@type\":\"Person\",\"@id\":\"https:\/\/poiopescamarfs.es\/#\/schema\/person\/bdec44600d63872753c3ba11ede1d589\",\"name\":\"poiopescamarfs@gmail.com\",\"image\":{\"@type\":\"ImageObject\",\"@id\":\"https:\/\/poiopescamarfs.es\/#personlogo\",\"inLanguage\":\"gl-ES\",\"url\":\"https:\/\/secure.gravatar.com\/avatar\/b2498e234218a28ef967fdbe4a21ae1f?s=96&d=mm&r=g\",\"contentUrl\":\"https:\/\/secure.gravatar.com\/avatar\/b2498e234218a28ef967fdbe4a21ae1f?s=96&d=mm&r=g\",\"caption\":\"poiopescamarfs@gmail.com\"}}]}<\/script>\n<!-- \/ Yoast SEO plugin. -->","_links":{"self":[{"href":"https:\/\/poiopescamarfs.es\/gl\/wp-json\/wp\/v2\/posts\/8146"}],"collection":[{"href":"https:\/\/poiopescamarfs.es\/gl\/wp-json\/wp\/v2\/posts"}],"about":[{"href":"https:\/\/poiopescamarfs.es\/gl\/wp-json\/wp\/v2\/types\/post"}],"author":[{"embeddable":true,"href":"https:\/\/poiopescamarfs.es\/gl\/wp-json\/wp\/v2\/users\/3"}],"replies":[{"embeddable":true,"href":"https:\/\/poiopescamarfs.es\/gl\/wp-json\/wp\/v2\/comments?post=8146"}],"version-history":[{"count":1,"href":"https:\/\/poiopescamarfs.es\/gl\/wp-json\/wp\/v2\/posts\/8146\/revisions"}],"predecessor-version":[{"id":8150,"href":"https:\/\/poiopescamarfs.es\/gl\/wp-json\/wp\/v2\/posts\/8146\/revisions\/8150"}],"wp:featuredmedia":[{"embeddable":true,"href":"https:\/\/poiopescamarfs.es\/gl\/wp-json\/wp\/v2\/media\/8147"}],"wp:attachment":[{"href":"https:\/\/poiopescamarfs.es\/gl\/wp-json\/wp\/v2\/media?parent=8146"}],"wp:term":[{"taxonomy":"category","embeddable":true,"href":"https:\/\/poiopescamarfs.es\/gl\/wp-json\/wp\/v2\/categories?post=8146"},{"taxonomy":"post_tag","embeddable":true,"href":"https:\/\/poiopescamarfs.es\/gl\/wp-json\/wp\/v2\/tags?post=8146"}],"curies":[{"name":"wp","href":"https:\/\/api.w.org\/{rel}","templated":true}]}}