{"id":8162,"date":"2025-10-01T16:00:04","date_gmt":"2025-10-01T14:00:04","guid":{"rendered":"https:\/\/poiopescamarfs.es\/?p=8162"},"modified":"2025-10-01T16:00:04","modified_gmt":"2025-10-01T14:00:04","slug":"segunda-convocatoria-portugal-2025-2026","status":"publish","type":"post","link":"https:\/\/poiopescamarfs.es\/gl\/segunda-convocatoria-portugal-2025-2026\/","title":{"rendered":"Pedreira e D\u00e9bora concentraranse coa selecci\u00f3n portuguesa"},"content":{"rendered":"<p>Espa\u00f1a e Portugal enfrontaranse en dous partidos amigables os d\u00edas 7 e 8 de outubro en Vilalba e As Pontes, respectivamente. Xa co\u00f1eciamos a chamada de Martita, Elena e Ale de Paz por parte do combinado espa\u00f1ol e, agora, sabemos que do <a href=\"https:\/\/www.fpf.pt\/pt\/News\/Todas-as-not%C3%ADcias\/Not%C3%ADcia\/news\/53088\">lado luso estar\u00e1n as conserveiras Pedreira e D\u00e9bora<\/a>.<\/p>\n<p>Na anterior convocatoria xa estaba Carolina Pedreira, mentras que na actual \u00fanese D\u00e9bora Lavrador. Ambas foron vistas moi preto o pasado domingo na Seca por parte do staff t\u00e9cnico portugu\u00e9s no partido contra o Atl\u00e9tico Torcal.<\/p>\n<p>Falta cada vez menos para co\u00f1ecer os listados definitivos de cara \u00f3 <a href=\"https:\/\/www.fifa.com\/es\/tournaments\/womens\/futsalwomensworldcup\/philippines-2025\/articles\/calendario-partidos-resultados-manila\">Mundial<\/a>, no que Espa\u00f1a debutar\u00e1 o 22 de novembro e, Portugal, o 23.<\/p>\n","protected":false},"excerpt":{"rendered":"<p>Espa\u00f1a e Portugal enfrontaranse en dous partidos amigables os d\u00edas 7 e 8 de outubro en Vilalba e As Pontes, respectivamente. Xa co\u00f1eciamos a chamada de Martita, Elena e Ale de Paz por parte do combinado espa\u00f1ol e, agora, sabemos que do lado luso estar\u00e1n as conserveiras Pedreira e D\u00e9bora. Na anterior convocatoria xa estaba [&hellip;]<\/p>\n","protected":false},"author":3,"featured_media":8163,"comment_status":"closed","ping_status":"closed","sticky":false,"template":"","format":"standard","meta":{"_et_pb_use_builder":"","_et_pb_old_content":"","_et_gb_content_width":""},"categories":[28],"tags":[320,318,330],"yoast_head":"<!-- This site is optimized with the Yoast SEO plugin v16.1.1 - https:\/\/yoast.com\/wordpress\/plugins\/seo\/ -->\n<title>Pedreira e D\u00e9bora concentraranse coa selecci\u00f3n portuguesa - Poio Pescamar FS<\/title>\n<meta name=\"description\" content=\"Nesta segunda chamada do seleccionador portugu\u00e9s, na que repite Carolina Pedreira, tam\u00e9n estar\u00e1 D\u00e9bora Lavrador.\" \/>\n<link rel=\"canonical\" href=\"https:\/\/poiopescamarfs.es\/gl\/segunda-convocatoria-portugal-2025-2026\/\" \/>\n<meta property=\"og:locale\" content=\"gl_ES\" \/>\n<meta property=\"og:type\" content=\"article\" \/>\n<meta property=\"og:title\" content=\"Pedreira e D\u00e9bora concentraranse coa selecci\u00f3n portuguesa - Poio Pescamar FS\" \/>\n<meta property=\"og:description\" content=\"Nesta segunda chamada do seleccionador portugu\u00e9s, na que repite Carolina Pedreira, tam\u00e9n estar\u00e1 D\u00e9bora Lavrador.\" \/>\n<meta property=\"og:url\" content=\"https:\/\/poiopescamarfs.es\/gl\/segunda-convocatoria-portugal-2025-2026\/\" \/>\n<meta property=\"og:site_name\" content=\"Poio Pescamar FS\" \/>\n<meta property=\"article:published_time\" content=\"2025-10-01T14:00:04+00:00\" \/>\n<meta property=\"og:image\" content=\"https:\/\/poiopescamarfs.es\/wp-content\/uploads\/2025\/10\/Segunda-convocatoria-de-Portugal.jpg\" \/>\n\t<meta property=\"og:image:width\" content=\"1080\" \/>\n\t<meta property=\"og:image:height\" content=\"1350\" \/>\n<meta name=\"twitter:card\" content=\"summary_large_image\" \/>\n<meta name=\"twitter:label1\" content=\"Tempo de lectura\">\n\t<meta name=\"twitter:data1\" content=\"1 minuto\">\n<script type=\"application\/ld+json\" class=\"yoast-schema-graph\">{\"@context\":\"https:\/\/schema.org\",\"@graph\":[{\"@type\":\"WebSite\",\"@id\":\"https:\/\/poiopescamarfs.es\/#website\",\"url\":\"https:\/\/poiopescamarfs.es\/\",\"name\":\"Poio Pescamar FS\",\"description\":\"\",\"potentialAction\":[{\"@type\":\"SearchAction\",\"target\":\"https:\/\/poiopescamarfs.es\/?s={search_term_string}\",\"query-input\":\"required name=search_term_string\"}],\"inLanguage\":\"gl-ES\"},{\"@type\":\"ImageObject\",\"@id\":\"https:\/\/poiopescamarfs.es\/gl\/segunda-convocatoria-portugal-2025-2026\/#primaryimage\",\"inLanguage\":\"gl-ES\",\"url\":\"https:\/\/poiopescamarfs.es\/wp-content\/uploads\/2025\/10\/Segunda-convocatoria-de-Portugal.jpg\",\"contentUrl\":\"https:\/\/poiopescamarfs.es\/wp-content\/uploads\/2025\/10\/Segunda-convocatoria-de-Portugal.jpg\",\"width\":1080,\"height\":1350},{\"@type\":\"WebPage\",\"@id\":\"https:\/\/poiopescamarfs.es\/gl\/segunda-convocatoria-portugal-2025-2026\/#webpage\",\"url\":\"https:\/\/poiopescamarfs.es\/gl\/segunda-convocatoria-portugal-2025-2026\/\",\"name\":\"Pedreira e D\\u00e9bora concentraranse coa selecci\\u00f3n portuguesa - Poio Pescamar FS\",\"isPartOf\":{\"@id\":\"https:\/\/poiopescamarfs.es\/#website\"},\"primaryImageOfPage\":{\"@id\":\"https:\/\/poiopescamarfs.es\/gl\/segunda-convocatoria-portugal-2025-2026\/#primaryimage\"},\"datePublished\":\"2025-10-01T14:00:04+00:00\",\"dateModified\":\"2025-10-01T14:00:04+00:00\",\"author\":{\"@id\":\"https:\/\/poiopescamarfs.es\/#\/schema\/person\/bdec44600d63872753c3ba11ede1d589\"},\"description\":\"Nesta segunda chamada do seleccionador portugu\\u00e9s, na que repite Carolina Pedreira, tam\\u00e9n estar\\u00e1 D\\u00e9bora Lavrador.\",\"breadcrumb\":{\"@id\":\"https:\/\/poiopescamarfs.es\/gl\/segunda-convocatoria-portugal-2025-2026\/#breadcrumb\"},\"inLanguage\":\"gl-ES\",\"potentialAction\":[{\"@type\":\"ReadAction\",\"target\":[\"https:\/\/poiopescamarfs.es\/gl\/segunda-convocatoria-portugal-2025-2026\/\"]}]},{\"@type\":\"BreadcrumbList\",\"@id\":\"https:\/\/poiopescamarfs.es\/gl\/segunda-convocatoria-portugal-2025-2026\/#breadcrumb\",\"itemListElement\":[{\"@type\":\"ListItem\",\"position\":1,\"item\":{\"@type\":\"WebPage\",\"@id\":\"https:\/\/poiopescamarfs.es\/gl\/\",\"url\":\"https:\/\/poiopescamarfs.es\/gl\/\",\"name\":\"Home\"}},{\"@type\":\"ListItem\",\"position\":2,\"item\":{\"@type\":\"WebPage\",\"@id\":\"https:\/\/poiopescamarfs.es\/gl\/segunda-convocatoria-portugal-2025-2026\/\",\"url\":\"https:\/\/poiopescamarfs.es\/gl\/segunda-convocatoria-portugal-2025-2026\/\",\"name\":\"Pedreira e D\\u00e9bora concentraranse coa selecci\\u00f3n portuguesa\"}}]},{\"@type\":\"Person\",\"@id\":\"https:\/\/poiopescamarfs.es\/#\/schema\/person\/bdec44600d63872753c3ba11ede1d589\",\"name\":\"poiopescamarfs@gmail.com\",\"image\":{\"@type\":\"ImageObject\",\"@id\":\"https:\/\/poiopescamarfs.es\/#personlogo\",\"inLanguage\":\"gl-ES\",\"url\":\"https:\/\/secure.gravatar.com\/avatar\/b2498e234218a28ef967fdbe4a21ae1f?s=96&d=mm&r=g\",\"contentUrl\":\"https:\/\/secure.gravatar.com\/avatar\/b2498e234218a28ef967fdbe4a21ae1f?s=96&d=mm&r=g\",\"caption\":\"poiopescamarfs@gmail.com\"}}]}<\/script>\n<!-- \/ Yoast SEO plugin. -->","_links":{"self":[{"href":"https:\/\/poiopescamarfs.es\/gl\/wp-json\/wp\/v2\/posts\/8162"}],"collection":[{"href":"https:\/\/poiopescamarfs.es\/gl\/wp-json\/wp\/v2\/posts"}],"about":[{"href":"https:\/\/poiopescamarfs.es\/gl\/wp-json\/wp\/v2\/types\/post"}],"author":[{"embeddable":true,"href":"https:\/\/poiopescamarfs.es\/gl\/wp-json\/wp\/v2\/users\/3"}],"replies":[{"embeddable":true,"href":"https:\/\/poiopescamarfs.es\/gl\/wp-json\/wp\/v2\/comments?post=8162"}],"version-history":[{"count":1,"href":"https:\/\/poiopescamarfs.es\/gl\/wp-json\/wp\/v2\/posts\/8162\/revisions"}],"predecessor-version":[{"id":8165,"href":"https:\/\/poiopescamarfs.es\/gl\/wp-json\/wp\/v2\/posts\/8162\/revisions\/8165"}],"wp:featuredmedia":[{"embeddable":true,"href":"https:\/\/poiopescamarfs.es\/gl\/wp-json\/wp\/v2\/media\/8163"}],"wp:attachment":[{"href":"https:\/\/poiopescamarfs.es\/gl\/wp-json\/wp\/v2\/media?parent=8162"}],"wp:term":[{"taxonomy":"category","embeddable":true,"href":"https:\/\/poiopescamarfs.es\/gl\/wp-json\/wp\/v2\/categories?post=8162"},{"taxonomy":"post_tag","embeddable":true,"href":"https:\/\/poiopescamarfs.es\/gl\/wp-json\/wp\/v2\/tags?post=8162"}],"curies":[{"name":"wp","href":"https:\/\/api.w.org\/{rel}","templated":true}]}}