{"id":8387,"date":"2025-12-16T15:51:38","date_gmt":"2025-12-16T14:51:38","guid":{"rendered":"https:\/\/poiopescamarfs.es\/?p=8387"},"modified":"2025-12-16T15:57:03","modified_gmt":"2025-12-16T14:57:03","slug":"previa-oitavos-copa-raina-t-2025-2026","status":"publish","type":"post","link":"https:\/\/poiopescamarfs.es\/gl\/previa-oitavos-copa-raina-t-2025-2026\/","title":{"rendered":"T. 25\/26 \u2013 1\/8 de Final da Copa da Ra\u00ed\u00f1a | PREVIA"},"content":{"rendered":"<p>Volve o f\u00fatbol sala a Poio tras mes e medio e nunha semana de dobre enfrontamento ante o Futsi Atl\u00e9tico Navalcarnero, actual campi\u00f3n de liga e supercopa. O primeiro deles, en <a href=\"https:\/\/www.youtube.com\/watch?v=3QuzfnG24j0\">oitavos de Copa<\/a> (partido \u00fanico), dirimirase este m\u00e9rcores \u00e1s 20 horas.<\/p>\n<p>O regreso \u00e1 competici\u00f3n tralo par\u00f3n polo Mundial non foi o que desex\u00e1bamos. O equipo caeu en Melilla, cun marcador m\u00e1is avultado do que se viu na pista (<a href=\"https:\/\/www.youtube.com\/watch?v=BjqOhCcH1EM\">como sinalou Elena en rolda de prensa<\/a>), o que supuxo perder a imbatibilidade ligueira, baixar \u00f3 <a href=\"https:\/\/rfef.es\/es\/competiciones\/primera-futbol-sala-iberdrola\">terceiro posto da clasificaci\u00f3n<\/a> tras dez xornadas e non marcar por primeira vez nun partido da actual campa\u00f1a. Agora, a xeira m\u00edrase do rev\u00e9s, con <a href=\"https:\/\/rfef.es\/es\/competiciones\/primera-futbol-sala-iberdrola\/equipo\/157\/11000\">tres partidos consecutivos sen ga\u00f1ar<\/a>. No torneo do KO superamos por 3 &#8211; 5 \u00f3 Almagro FSF de Segunda Divisi\u00f3n na <a href=\"https:\/\/rfef.es\/es\/competiciones\/copa-de-la-reina-fs\">rolda de dezaseisavos de final<\/a>.<\/p>\n<p>O Futsi, en cambio, chega en continua progresi\u00f3n tras superar claramente \u00f3 Penya Esplugues e sumar <a href=\"https:\/\/rfef.es\/es\/competiciones\/primera-futbol-sala-iberdrola\/equipo\/157\/8373\">tres triunfos consecutivos<\/a> que lles alzaron \u00e1 quinta praza na t\u00e1boa, a dous puntos de n\u00f3s. Suman os mesmos goles que os nosos (37), a\u00ednda que encaixaron 7 m\u00e1is (27 elas e 20 n\u00f3s). En Copa, na eliminatoria anterior, ga\u00f1aron \u00f3 Rodiles asturiano por 0 &#8211; 5, sendo a \u00fanica ocasi\u00f3n na que deixaron a s\u00faa porter\u00eda a cero.<\/p>\n<p>Case cinco anos pasaron dende a \u00faltima vez que A Seca acolleu un partido de Copa da Ra\u00ed\u00f1a. Foi un 4 de xaneiro de 2021, tam\u00e9n en oitavos de final. Naquela ocasi\u00f3n caemos a penaltis ante o Ourense Ontime, logo de empatar a tres goles. Supuxo o comezo dunha negativa xeira de catro tempadas seguidas perdendo nesta rolda (ata que o curso pasado chegamos \u00e1s semifinais).<\/p>\n<p>D\u00faas veces enfront\u00e1monos \u00f3 Futsi en Copa, ambas en Navalcarnero e con resultado de 5 &#8211; 1. A primeira, en xu\u00f1o de 2018, cando se disputaba a Copa de Espa\u00f1a. A segunda, en decembro de 2022, xa como Copa da Ra\u00ed\u00f1a. En total existen 27 duelos precedentes, con 3 vitorias conserveiras, 3 empates e 21 triunfos madrile\u00f1os. Nunca as superamos na Seca, xa que a \u00fanica vez que lles ga\u00f1amos como local foi no pavill\u00f3n Pr\u00edncipe Felipe de Pontevedra.<\/p>\n","protected":false},"excerpt":{"rendered":"<p>Volve o f\u00fatbol sala a Poio tras mes e medio e nunha semana de dobre enfrontamento ante o Futsi Atl\u00e9tico Navalcarnero, actual campi\u00f3n de liga e supercopa. O primeiro deles, en oitavos de Copa (partido \u00fanico), dirimirase este m\u00e9rcores \u00e1s 20 horas. O regreso \u00e1 competici\u00f3n tralo par\u00f3n polo Mundial non foi o que desex\u00e1bamos. [&hellip;]<\/p>\n","protected":false},"author":3,"featured_media":8388,"comment_status":"closed","ping_status":"closed","sticky":false,"template":"","format":"standard","meta":{"_et_pb_use_builder":"","_et_pb_old_content":"","_et_gb_content_width":""},"categories":[30],"tags":[39,74,327],"yoast_head":"<!-- This site is optimized with the Yoast SEO plugin v16.1.1 - https:\/\/yoast.com\/wordpress\/plugins\/seo\/ -->\n<title>T. 25\/26 \u2013 1\/8 de Final da Copa da Ra\u00ed\u00f1a | PREVIA - Poio Pescamar FS<\/title>\n<meta name=\"description\" content=\"Volve a Copa da Ra\u00ed\u00f1a disputarse en Poio. Eliminatoria de oitavos a partido \u00fanico, antesala da fase final a oito.\" \/>\n<link rel=\"canonical\" href=\"https:\/\/poiopescamarfs.es\/gl\/previa-oitavos-copa-raina-t-2025-2026\/\" \/>\n<meta property=\"og:locale\" content=\"gl_ES\" \/>\n<meta property=\"og:type\" content=\"article\" \/>\n<meta property=\"og:title\" content=\"T. 25\/26 \u2013 1\/8 de Final da Copa da Ra\u00ed\u00f1a | PREVIA - Poio Pescamar FS\" \/>\n<meta property=\"og:description\" content=\"Volve a Copa da Ra\u00ed\u00f1a disputarse en Poio. Eliminatoria de oitavos a partido \u00fanico, antesala da fase final a oito.\" \/>\n<meta property=\"og:url\" content=\"https:\/\/poiopescamarfs.es\/gl\/previa-oitavos-copa-raina-t-2025-2026\/\" \/>\n<meta property=\"og:site_name\" content=\"Poio Pescamar FS\" \/>\n<meta property=\"article:published_time\" content=\"2025-12-16T14:51:38+00:00\" \/>\n<meta property=\"article:modified_time\" content=\"2025-12-16T14:57:03+00:00\" \/>\n<meta property=\"og:image\" content=\"https:\/\/poiopescamarfs.es\/wp-content\/uploads\/2025\/12\/Octavos-Futsi.jpg\" \/>\n\t<meta property=\"og:image:width\" content=\"1080\" \/>\n\t<meta property=\"og:image:height\" content=\"1350\" \/>\n<meta name=\"twitter:card\" content=\"summary_large_image\" \/>\n<meta name=\"twitter:label1\" content=\"Tempo de lectura\">\n\t<meta name=\"twitter:data1\" content=\"2 minutos\">\n<script type=\"application\/ld+json\" class=\"yoast-schema-graph\">{\"@context\":\"https:\/\/schema.org\",\"@graph\":[{\"@type\":\"WebSite\",\"@id\":\"https:\/\/poiopescamarfs.es\/#website\",\"url\":\"https:\/\/poiopescamarfs.es\/\",\"name\":\"Poio Pescamar FS\",\"description\":\"\",\"potentialAction\":[{\"@type\":\"SearchAction\",\"target\":\"https:\/\/poiopescamarfs.es\/?s={search_term_string}\",\"query-input\":\"required name=search_term_string\"}],\"inLanguage\":\"gl-ES\"},{\"@type\":\"ImageObject\",\"@id\":\"https:\/\/poiopescamarfs.es\/gl\/previa-oitavos-copa-raina-t-2025-2026\/#primaryimage\",\"inLanguage\":\"gl-ES\",\"url\":\"https:\/\/poiopescamarfs.es\/wp-content\/uploads\/2025\/12\/Octavos-Futsi.jpg\",\"contentUrl\":\"https:\/\/poiopescamarfs.es\/wp-content\/uploads\/2025\/12\/Octavos-Futsi.jpg\",\"width\":1080,\"height\":1350},{\"@type\":\"WebPage\",\"@id\":\"https:\/\/poiopescamarfs.es\/gl\/previa-oitavos-copa-raina-t-2025-2026\/#webpage\",\"url\":\"https:\/\/poiopescamarfs.es\/gl\/previa-oitavos-copa-raina-t-2025-2026\/\",\"name\":\"T. 25\/26 \\u2013 1\/8 de Final da Copa da Ra\\u00ed\\u00f1a | PREVIA - Poio Pescamar FS\",\"isPartOf\":{\"@id\":\"https:\/\/poiopescamarfs.es\/#website\"},\"primaryImageOfPage\":{\"@id\":\"https:\/\/poiopescamarfs.es\/gl\/previa-oitavos-copa-raina-t-2025-2026\/#primaryimage\"},\"datePublished\":\"2025-12-16T14:51:38+00:00\",\"dateModified\":\"2025-12-16T14:57:03+00:00\",\"author\":{\"@id\":\"https:\/\/poiopescamarfs.es\/#\/schema\/person\/bdec44600d63872753c3ba11ede1d589\"},\"description\":\"Volve a Copa da Ra\\u00ed\\u00f1a disputarse en Poio. Eliminatoria de oitavos a partido \\u00fanico, antesala da fase final a oito.\",\"breadcrumb\":{\"@id\":\"https:\/\/poiopescamarfs.es\/gl\/previa-oitavos-copa-raina-t-2025-2026\/#breadcrumb\"},\"inLanguage\":\"gl-ES\",\"potentialAction\":[{\"@type\":\"ReadAction\",\"target\":[\"https:\/\/poiopescamarfs.es\/gl\/previa-oitavos-copa-raina-t-2025-2026\/\"]}]},{\"@type\":\"BreadcrumbList\",\"@id\":\"https:\/\/poiopescamarfs.es\/gl\/previa-oitavos-copa-raina-t-2025-2026\/#breadcrumb\",\"itemListElement\":[{\"@type\":\"ListItem\",\"position\":1,\"item\":{\"@type\":\"WebPage\",\"@id\":\"https:\/\/poiopescamarfs.es\/gl\/\",\"url\":\"https:\/\/poiopescamarfs.es\/gl\/\",\"name\":\"Home\"}},{\"@type\":\"ListItem\",\"position\":2,\"item\":{\"@type\":\"WebPage\",\"@id\":\"https:\/\/poiopescamarfs.es\/gl\/previa-oitavos-copa-raina-t-2025-2026\/\",\"url\":\"https:\/\/poiopescamarfs.es\/gl\/previa-oitavos-copa-raina-t-2025-2026\/\",\"name\":\"T. 25\/26 \\u2013 1\/8 de Final da Copa da Ra\\u00ed\\u00f1a | PREVIA\"}}]},{\"@type\":\"Person\",\"@id\":\"https:\/\/poiopescamarfs.es\/#\/schema\/person\/bdec44600d63872753c3ba11ede1d589\",\"name\":\"poiopescamarfs@gmail.com\",\"image\":{\"@type\":\"ImageObject\",\"@id\":\"https:\/\/poiopescamarfs.es\/#personlogo\",\"inLanguage\":\"gl-ES\",\"url\":\"https:\/\/secure.gravatar.com\/avatar\/b2498e234218a28ef967fdbe4a21ae1f?s=96&d=mm&r=g\",\"contentUrl\":\"https:\/\/secure.gravatar.com\/avatar\/b2498e234218a28ef967fdbe4a21ae1f?s=96&d=mm&r=g\",\"caption\":\"poiopescamarfs@gmail.com\"}}]}<\/script>\n<!-- \/ Yoast SEO plugin. -->","_links":{"self":[{"href":"https:\/\/poiopescamarfs.es\/gl\/wp-json\/wp\/v2\/posts\/8387"}],"collection":[{"href":"https:\/\/poiopescamarfs.es\/gl\/wp-json\/wp\/v2\/posts"}],"about":[{"href":"https:\/\/poiopescamarfs.es\/gl\/wp-json\/wp\/v2\/types\/post"}],"author":[{"embeddable":true,"href":"https:\/\/poiopescamarfs.es\/gl\/wp-json\/wp\/v2\/users\/3"}],"replies":[{"embeddable":true,"href":"https:\/\/poiopescamarfs.es\/gl\/wp-json\/wp\/v2\/comments?post=8387"}],"version-history":[{"count":3,"href":"https:\/\/poiopescamarfs.es\/gl\/wp-json\/wp\/v2\/posts\/8387\/revisions"}],"predecessor-version":[{"id":8395,"href":"https:\/\/poiopescamarfs.es\/gl\/wp-json\/wp\/v2\/posts\/8387\/revisions\/8395"}],"wp:featuredmedia":[{"embeddable":true,"href":"https:\/\/poiopescamarfs.es\/gl\/wp-json\/wp\/v2\/media\/8388"}],"wp:attachment":[{"href":"https:\/\/poiopescamarfs.es\/gl\/wp-json\/wp\/v2\/media?parent=8387"}],"wp:term":[{"taxonomy":"category","embeddable":true,"href":"https:\/\/poiopescamarfs.es\/gl\/wp-json\/wp\/v2\/categories?post=8387"},{"taxonomy":"post_tag","embeddable":true,"href":"https:\/\/poiopescamarfs.es\/gl\/wp-json\/wp\/v2\/tags?post=8387"}],"curies":[{"name":"wp","href":"https:\/\/api.w.org\/{rel}","templated":true}]}}